{"id":1924,"date":"2020-03-28T12:00:00","date_gmt":"2020-03-28T11:00:00","guid":{"rendered":"http:\/\/levangilealecran.com?p=1924"},"modified":"2020-03-27T19:24:23","modified_gmt":"2020-03-27T18:24:23","slug":"samedi-28-mars-2020","status":"publish","type":"post","link":"https:\/\/levangilealecran.com\/?p=1924","title":{"rendered":"Samedi 28 mars 2020"},"content":{"rendered":"\n<blockquote class=\"wp-block-quote is-layout-flow wp-block-quote-is-layout-flow\"><p>\u00ab\u00a0C\u2019est ainsi que la foule se divisa \u00e0 cause de lui. Quelques-uns d\u2019entre eux voulaient l\u2019arr\u00eater, mais personne ne mit la main sur lui.\u00a0\u00bb<\/p><cite> (Jean 7,43-44) <\/cite><\/blockquote>\n\n\n\n<figure class=\"wp-block-image size-full is-resized\"><img loading=\"lazy\" decoding=\"async\" src=\"http:\/\/levangilealecran.comwp-content\/uploads\/2020\/03\/20200328_Jn743-44.png\" alt=\"\" class=\"wp-image-1925\" width=\"600\" height=\"600\" srcset=\"https:\/\/levangilealecran.com\/wp-content\/uploads\/2020\/03\/20200328_Jn743-44.png 1200w, https:\/\/levangilealecran.com\/wp-content\/uploads\/2020\/03\/20200328_Jn743-44-300x300.png 300w, https:\/\/levangilealecran.com\/wp-content\/uploads\/2020\/03\/20200328_Jn743-44-1024x1024.png 1024w, https:\/\/levangilealecran.com\/wp-content\/uploads\/2020\/03\/20200328_Jn743-44-150x150.png 150w, https:\/\/levangilealecran.com\/wp-content\/uploads\/2020\/03\/20200328_Jn743-44-768x768.png 768w, https:\/\/levangilealecran.com\/wp-content\/uploads\/2020\/03\/20200328_Jn743-44-600x600.png 600w\" sizes=\"auto, (max-width: 600px) 100vw, 600px\" \/><\/figure>\n\n\n\n<p class=\"wp-block-paragraph\"><strong>> Dans l\u2019\u00c9vangile de ce jour, il est int\u00e9ressant que les gens cherchent \u00e0 conna\u00eetre l&rsquo;origine de ce proph\u00e8te qui parle si bien. Est-il de Galil\u00e9e? Il n&rsquo;est pas de Bethl\u00e9em n&rsquo;est-ce pas?Ces d\u00e9bats st\u00e9riles focalisent non pas tant sur les prodiges accompli par le Christ, mais sur des d\u00e9tails dont parlent les \u00c9critures. Et \u00e0 force de relecture ces d\u00e9bats finissent en querelle, \u00ab\u00a0<em>la foule se divisa<\/em>\u00a0\u00bb lit-on.<br>> En tant qu\u2019\u00c9glise, quelle que soit notre confession, nous sommes appel\u00e9s \u00e0 regarder vers J\u00e9sus et \u00e0 reconna\u00eetre et proclamer ses prodiges, et non pas \u00e0 nous diviser pour convaincre les autres de notre vision. Quoiqu&rsquo;il en soit, il y a un message d&rsquo;espoir dans ce texte : on ne peut pas arr\u00eater J\u00e9sus, on ne peut pas mettre la main sur Lui ! Soyons confiant qu&rsquo;il est encore est toujours l\u00e0, parmi nous et qu&rsquo;il nous montre le chemin ! Soyez b\u00e9nis. <\/strong><\/p>\n","protected":false},"excerpt":{"rendered":"<p>\u00ab\u00a0C\u2019est ainsi que la foule se divisa \u00e0 cause de lui. Quelques-uns d\u2019entre eux voulaient l\u2019arr\u00eater, mais personne ne mit la main sur lui.\u00a0\u00bb (Jean 7,43-44) > Dans l\u2019\u00c9vangile de ce jour, il est int\u00e9ressant que les gens cherchent \u00e0 conna\u00eetre l&rsquo;origine de ce proph\u00e8te qui parle si bien. Est-il de Galil\u00e9e? Il n&rsquo;est pas de Bethl\u00e9em n&rsquo;est-ce pas?Ces d\u00e9bats st\u00e9riles focalisent non pas tant sur les prodiges accompli par le Christ, mais sur des d\u00e9tails dont parlent les \u00c9critures. Et \u00e0 force de relecture ces d\u00e9bats finissent en querelle, \u00ab\u00a0la foule se divisa\u00a0\u00bb lit-on.> En tant qu\u2019\u00c9glise, quelle que soit notre confession, nous sommes appel\u00e9s \u00e0 regarder vers J\u00e9sus \u2026 <a class=\"continue-reading-link\" href=\"https:\/\/levangilealecran.com\/?p=1924\"> Continue reading <span class=\"meta-nav\">&rarr; <\/span><\/a><\/p>\n","protected":false},"author":2006,"featured_media":0,"comment_status":"open","ping_status":"open","sticky":false,"template":"","format":"standard","meta":{"footnotes":""},"categories":[44,724,5],"tags":[382,641,50],"class_list":["post-1924","post","type-post","status-publish","format-standard","hentry","category-careme","category-coronavirus","category-jean","tag-arret","tag-division","tag-esperance"],"_links":{"self":[{"href":"https:\/\/levangilealecran.com\/index.php?rest_route=\/wp\/v2\/posts\/1924","targetHints":{"allow":["GET"]}}],"collection":[{"href":"https:\/\/levangilealecran.com\/index.php?rest_route=\/wp\/v2\/posts"}],"about":[{"href":"https:\/\/levangilealecran.com\/index.php?rest_route=\/wp\/v2\/types\/post"}],"author":[{"embeddable":true,"href":"https:\/\/levangilealecran.com\/index.php?rest_route=\/wp\/v2\/users\/2006"}],"replies":[{"embeddable":true,"href":"https:\/\/levangilealecran.com\/index.php?rest_route=%2Fwp%2Fv2%2Fcomments&post=1924"}],"version-history":[{"count":1,"href":"https:\/\/levangilealecran.com\/index.php?rest_route=\/wp\/v2\/posts\/1924\/revisions"}],"predecessor-version":[{"id":1926,"href":"https:\/\/levangilealecran.com\/index.php?rest_route=\/wp\/v2\/posts\/1924\/revisions\/1926"}],"wp:attachment":[{"href":"https:\/\/levangilealecran.com\/index.php?rest_route=%2Fwp%2Fv2%2Fmedia&parent=1924"}],"wp:term":[{"taxonomy":"category","embeddable":true,"href":"https:\/\/levangilealecran.com\/index.php?rest_route=%2Fwp%2Fv2%2Fcategories&post=1924"},{"taxonomy":"post_tag","embeddable":true,"href":"https:\/\/levangilealecran.com\/index.php?rest_route=%2Fwp%2Fv2%2Ftags&post=1924"}],"curies":[{"name":"wp","href":"https:\/\/api.w.org\/{rel}","templated":true}]}}