{"id":1904,"date":"2020-03-21T22:04:44","date_gmt":"2020-03-21T21:04:44","guid":{"rendered":"http:\/\/levangilealecran.com?p=1904"},"modified":"2020-03-21T22:04:44","modified_gmt":"2020-03-21T21:04:44","slug":"4eme-dimanche-de-careme-22-mars-2020","status":"publish","type":"post","link":"https:\/\/levangilealecran.com\/?p=1904","title":{"rendered":"4\u00e8me dimanche de Car\u00eame &#8211; 22 mars 2020"},"content":{"rendered":"\n<blockquote class=\"wp-block-quote is-layout-flow wp-block-quote-is-layout-flow\"><p> \u00ab Je crois <em>Seigneur <\/em>\u00bb.<\/p><cite> (Jn 9,38) <\/cite><\/blockquote>\n\n\n\n<figure class=\"wp-block-image size-large\"><img loading=\"lazy\" decoding=\"async\" width=\"1024\" height=\"1024\" src=\"http:\/\/levangilealecran.comwp-content\/uploads\/2020\/03\/20200322_Jn938-1024x1024.png\" alt=\"\" class=\"wp-image-1905\" srcset=\"https:\/\/levangilealecran.com\/wp-content\/uploads\/2020\/03\/20200322_Jn938-1024x1024.png 1024w, https:\/\/levangilealecran.com\/wp-content\/uploads\/2020\/03\/20200322_Jn938-300x300.png 300w, https:\/\/levangilealecran.com\/wp-content\/uploads\/2020\/03\/20200322_Jn938-150x150.png 150w, https:\/\/levangilealecran.com\/wp-content\/uploads\/2020\/03\/20200322_Jn938-768x768.png 768w, https:\/\/levangilealecran.com\/wp-content\/uploads\/2020\/03\/20200322_Jn938-600x600.png 600w, https:\/\/levangilealecran.com\/wp-content\/uploads\/2020\/03\/20200322_Jn938.png 1200w\" sizes=\"auto, (max-width: 1024px) 100vw, 1024px\" \/><\/figure>\n\n\n\n<p class=\"wp-block-paragraph\"><strong>> Ce 4\u00e8me dimanche de Car\u00eame, l\u2019\u00e9vangile de Jean nous raconte la gu\u00e9rison miraculeuse d\u2019un aveugle-n\u00e9 qui retrouvera non seulement la vue, mais va exp\u00e9rimenter un chemin de foi qui lui fera dire devant J\u00e9sus \u00ab je crois Seigneur \u00bb. En posant son regard d\u2019amour sur un homme que personne ne regarde, J\u00e9sus le voit avec le m\u00eame regard d\u2019amour qu\u2019il a pos\u00e9 sur tant d\u2019autres. Cet homme plong\u00e9 dans les t\u00e9n\u00e8bres par sa c\u00e9cit\u00e9 et de ce fait expos\u00e9 \u00e0 de grands dangers, va voir la lumi\u00e8re gr\u00e2ce \u00e0 sa rencontre avec J\u00e9sus ; il est non seulement gu\u00e9ri, mais J\u00e9sus va lui donner un autre cadeau, l\u2019acc\u00e8s \u00e0 la foi comme en t\u00e9moigne la suite de l\u2019\u00e9vangile.En lui appliquant de la boue sur les yeux et en l\u2019envoyant \u00e0 la piscine, J\u00e9sus va recr\u00e9er cet homme afin que les autres puissent le voir comme lui le voit, \u00e0 savoir digne de son amour. Ce regard d\u2019amour de J\u00e9sus se porte sur chacun de nous ainsi que sur nos s\u0153urs et fr\u00e8res en humanit\u00e9. En gu\u00e9rissant l\u2019aveugle-n\u00e9, J\u00e9sus t\u00e9moigne une fois de plus qu\u2019aucune vie n\u2019est de trop ou inutile.<\/strong><\/p>\n\n\n\n<p class=\"wp-block-paragraph\"><strong>> Dans ce Car\u00eame particulier que nous vivons, rendons gr\u00e2ce pour la foi qui nous ouvre les yeux et regardons notre prochain avec le regard d\u2019amour du Christ et prot\u00e9geons les plus fragilis\u00e9s d\u2019entre nous.<\/strong><\/p>\n\n\n\n<blockquote class=\"wp-block-quote is-layout-flow wp-block-quote-is-layout-flow\"><p>\u00ab Jadis vous \u00e9tiez t\u00e9n\u00e8bres ; mais \u00e0 pr\u00e9sent vous \u00eates lumi\u00e8re dans le Seigneur ; conduisez-vous comme des enfants de lumi\u00e8re, car le fruit de la lumi\u00e8re consiste en toute bont\u00e9, justice et v\u00e9rit\u00e9. \u00bb <\/p><cite> (Eph, 5, 8-9) <\/cite><\/blockquote>\n","protected":false},"excerpt":{"rendered":"<p>\u00ab Je crois Seigneur \u00bb. (Jn 9,38) > Ce 4\u00e8me dimanche de Car\u00eame, l\u2019\u00e9vangile de Jean nous raconte la gu\u00e9rison miraculeuse d\u2019un aveugle-n\u00e9 qui retrouvera non seulement la vue, mais va exp\u00e9rimenter un chemin de foi qui lui fera dire devant J\u00e9sus \u00ab je crois Seigneur \u00bb. En posant son regard d\u2019amour sur un homme que personne ne regarde, J\u00e9sus le voit avec le m\u00eame regard d\u2019amour qu\u2019il a pos\u00e9 sur tant d\u2019autres. Cet homme plong\u00e9 dans les t\u00e9n\u00e8bres par sa c\u00e9cit\u00e9 et de ce fait expos\u00e9 \u00e0 de grands dangers, va voir la lumi\u00e8re gr\u00e2ce \u00e0 sa rencontre avec J\u00e9sus ; il est non seulement gu\u00e9ri, mais J\u00e9sus va \u2026 <a class=\"continue-reading-link\" href=\"https:\/\/levangilealecran.com\/?p=1904\"> Continue reading <span class=\"meta-nav\">&rarr; <\/span><\/a><\/p>\n","protected":false},"author":2006,"featured_media":0,"comment_status":"open","ping_status":"open","sticky":false,"template":"","format":"standard","meta":{"footnotes":""},"categories":[44,724,4,5],"tags":[],"class_list":["post-1904","post","type-post","status-publish","format-standard","hentry","category-careme","category-coronavirus","category-dimanche","category-jean"],"_links":{"self":[{"href":"https:\/\/levangilealecran.com\/index.php?rest_route=\/wp\/v2\/posts\/1904","targetHints":{"allow":["GET"]}}],"collection":[{"href":"https:\/\/levangilealecran.com\/index.php?rest_route=\/wp\/v2\/posts"}],"about":[{"href":"https:\/\/levangilealecran.com\/index.php?rest_route=\/wp\/v2\/types\/post"}],"author":[{"embeddable":true,"href":"https:\/\/levangilealecran.com\/index.php?rest_route=\/wp\/v2\/users\/2006"}],"replies":[{"embeddable":true,"href":"https:\/\/levangilealecran.com\/index.php?rest_route=%2Fwp%2Fv2%2Fcomments&post=1904"}],"version-history":[{"count":1,"href":"https:\/\/levangilealecran.com\/index.php?rest_route=\/wp\/v2\/posts\/1904\/revisions"}],"predecessor-version":[{"id":1906,"href":"https:\/\/levangilealecran.com\/index.php?rest_route=\/wp\/v2\/posts\/1904\/revisions\/1906"}],"wp:attachment":[{"href":"https:\/\/levangilealecran.com\/index.php?rest_route=%2Fwp%2Fv2%2Fmedia&parent=1904"}],"wp:term":[{"taxonomy":"category","embeddable":true,"href":"https:\/\/levangilealecran.com\/index.php?rest_route=%2Fwp%2Fv2%2Fcategories&post=1904"},{"taxonomy":"post_tag","embeddable":true,"href":"https:\/\/levangilealecran.com\/index.php?rest_route=%2Fwp%2Fv2%2Ftags&post=1904"}],"curies":[{"name":"wp","href":"https:\/\/api.w.org\/{rel}","templated":true}]}}