{"id":1901,"date":"2020-03-21T12:00:00","date_gmt":"2020-03-21T11:00:00","guid":{"rendered":"http:\/\/levangilealecran.com?p=1901"},"modified":"2020-03-20T14:09:29","modified_gmt":"2020-03-20T13:09:29","slug":"samedi-21-mars-2020","status":"publish","type":"post","link":"https:\/\/levangilealecran.com\/?p=1901","title":{"rendered":"Samedi 21 mars 2020"},"content":{"rendered":"\n<blockquote class=\"wp-block-quote is-layout-flow wp-block-quote-is-layout-flow\"><p>\u00ab\u00a0Le pharisien se tenait debout et priait ainsi en lui-m\u00eame.\u00a0\u00bb <\/p><cite>Lc 18, 11<\/cite><\/blockquote>\n\n\n\n<div class=\"wp-block-image\"><figure class=\"aligncenter size-large\"><img loading=\"lazy\" decoding=\"async\" width=\"333\" height=\"412\" src=\"http:\/\/levangilealecran.comwp-content\/uploads\/2020\/03\/EALE.png\" alt=\"\" class=\"wp-image-1902\" srcset=\"https:\/\/levangilealecran.com\/wp-content\/uploads\/2020\/03\/EALE.png 333w, https:\/\/levangilealecran.com\/wp-content\/uploads\/2020\/03\/EALE-242x300.png 242w, https:\/\/levangilealecran.com\/wp-content\/uploads\/2020\/03\/EALE-121x150.png 121w\" sizes=\"auto, (max-width: 333px) 100vw, 333px\" \/><\/figure><\/div>\n\n\n\n<p class=\"wp-block-paragraph\"><strong>> \u00ab Priait en lui-m\u00eame \u00bb: on pourrait entendre l\u2019expression d\u2019une int\u00e9riorit\u00e9. Mais le contenu de cette pri\u00e8re, ponctu\u00e9e de \u00ab je \u00bb : \u00ab je ne suis pas comme \u00bb, \u00ab je je\u00fbne\u2026, je verse\u2026 \u00bb oriente vers une autre lecture possible. Ce pharisien est plein de lui-m\u00eame, enferm\u00e9 \u00ab en lui-m\u00eame \u00bb. Il ne prie pas, il se contemple, comme la mar\u00e2tre de Blanche Neige devant son miroir magique : \u00ab Miroir, mon beau miroir, dis-moi qui est la plus belle. \u00bb<\/strong><\/p>\n\n\n\n<p class=\"wp-block-paragraph\"><strong>Ce n\u2019est pas une pri\u00e8re, c\u2019est un selfie. Un selfie flatteur. Il y a des pri\u00e8res qui sont des selfies accusateurs : je fais tout faux, j\u2019ai encore rat\u00e9,\u2026 Ce ne sont pas des pri\u00e8res. On peut \u00eatre plein de soi-m\u00eame en s\u2019auto-accusant. C\u2019est encore une fa\u00e7on de se regarder.<\/strong><\/p>\n\n\n\n<p class=\"wp-block-paragraph\"><strong>\u00ab Le publicain n\u2019osait m\u00eame pas lever les yeux vers le ciel. \u00bb (v. 13) Qu\u2019il n\u2019ose pas lever les yeux vers le ciel dit bien qu\u2019il ne se regarde pas mais qu\u2019il est orient\u00e9 vers un Autre, dont le ciel est la figure. Un Autre auquel il s\u2019adresse : \u00ab montre-toi favorable. \u00bb <\/strong><\/p>\n\n\n\n<p class=\"wp-block-paragraph\"><strong>Que ce soit pour rendre gr\u00e2ce, pour appeler au secours, pour te repentir, pour te r\u00e9volter, tourne-toi vers Lui. La pri\u00e8re, quelle que soit sa couleur, c\u2019est une relation \u00ab JE-TU \u00bb.<\/strong><\/p>\n","protected":false},"excerpt":{"rendered":"<p>\u00ab\u00a0Le pharisien se tenait debout et priait ainsi en lui-m\u00eame.\u00a0\u00bb Lc 18, 11 > \u00ab Priait en lui-m\u00eame \u00bb: on pourrait entendre l\u2019expression d\u2019une int\u00e9riorit\u00e9. Mais le contenu de cette pri\u00e8re, ponctu\u00e9e de \u00ab je \u00bb : \u00ab je ne suis pas comme \u00bb, \u00ab je je\u00fbne\u2026, je verse\u2026 \u00bb oriente vers une autre lecture possible. Ce pharisien est plein de lui-m\u00eame, enferm\u00e9 \u00ab en lui-m\u00eame \u00bb. Il ne prie pas, il se contemple, comme la mar\u00e2tre de Blanche Neige devant son miroir magique : \u00ab Miroir, mon beau miroir, dis-moi qui est la plus belle. \u00bb Ce n\u2019est pas une pri\u00e8re, c\u2019est un selfie. Un selfie flatteur. Il y \u2026 <a class=\"continue-reading-link\" href=\"https:\/\/levangilealecran.com\/?p=1901\"> Continue reading <span class=\"meta-nav\">&rarr; <\/span><\/a><\/p>\n","protected":false},"author":2006,"featured_media":0,"comment_status":"open","ping_status":"open","sticky":false,"template":"","format":"standard","meta":{"footnotes":""},"categories":[44,724,6],"tags":[733,734,31,271],"class_list":["post-1901","post","type-post","status-publish","format-standard","hentry","category-careme","category-coronavirus","category-luc","tag-interiorite","tag-pharisien","tag-priere","tag-relation"],"_links":{"self":[{"href":"https:\/\/levangilealecran.com\/index.php?rest_route=\/wp\/v2\/posts\/1901","targetHints":{"allow":["GET"]}}],"collection":[{"href":"https:\/\/levangilealecran.com\/index.php?rest_route=\/wp\/v2\/posts"}],"about":[{"href":"https:\/\/levangilealecran.com\/index.php?rest_route=\/wp\/v2\/types\/post"}],"author":[{"embeddable":true,"href":"https:\/\/levangilealecran.com\/index.php?rest_route=\/wp\/v2\/users\/2006"}],"replies":[{"embeddable":true,"href":"https:\/\/levangilealecran.com\/index.php?rest_route=%2Fwp%2Fv2%2Fcomments&post=1901"}],"version-history":[{"count":1,"href":"https:\/\/levangilealecran.com\/index.php?rest_route=\/wp\/v2\/posts\/1901\/revisions"}],"predecessor-version":[{"id":1903,"href":"https:\/\/levangilealecran.com\/index.php?rest_route=\/wp\/v2\/posts\/1901\/revisions\/1903"}],"wp:attachment":[{"href":"https:\/\/levangilealecran.com\/index.php?rest_route=%2Fwp%2Fv2%2Fmedia&parent=1901"}],"wp:term":[{"taxonomy":"category","embeddable":true,"href":"https:\/\/levangilealecran.com\/index.php?rest_route=%2Fwp%2Fv2%2Fcategories&post=1901"},{"taxonomy":"post_tag","embeddable":true,"href":"https:\/\/levangilealecran.com\/index.php?rest_route=%2Fwp%2Fv2%2Ftags&post=1901"}],"curies":[{"name":"wp","href":"https:\/\/api.w.org\/{rel}","templated":true}]}}