{"id":1887,"date":"2020-03-17T12:00:00","date_gmt":"2020-03-17T11:00:00","guid":{"rendered":"http:\/\/levangilealecran.com?p=1887"},"modified":"2020-03-17T11:51:16","modified_gmt":"2020-03-17T10:51:16","slug":"mardi-17-mars-2020","status":"publish","type":"post","link":"https:\/\/levangilealecran.com\/?p=1887","title":{"rendered":"Mardi 17 mars 2020"},"content":{"rendered":"\n<h2 class=\"wp-block-heading\">Matthieu 18.21-35 &#8211; Parabole du serviteur impitoyable<\/h2>\n\n\n\n<blockquote class=\"wp-block-quote is-layout-flow wp-block-quote-is-layout-flow\"><p>J\u00e9sus lui r\u00e9pond : \u00abJe ne te dis pas de pardonner \u00e0 ton fr\u00e8re qui t&rsquo;a fait du mal jusqu&rsquo;\u00e0 7 fois, mais jusqu&rsquo;\u00e0 70 fois 7 fois.\u00bb <\/p><cite> Mt 18, 22 <\/cite><\/blockquote>\n\n\n\n<figure class=\"wp-block-image size-full is-resized\"><img loading=\"lazy\" decoding=\"async\" src=\"http:\/\/levangilealecran.comwp-content\/uploads\/2020\/03\/20200317_Mt1722.png\" alt=\"\" class=\"wp-image-1888\" width=\"600\" height=\"600\" srcset=\"https:\/\/levangilealecran.com\/wp-content\/uploads\/2020\/03\/20200317_Mt1722.png 1200w, https:\/\/levangilealecran.com\/wp-content\/uploads\/2020\/03\/20200317_Mt1722-300x300.png 300w, https:\/\/levangilealecran.com\/wp-content\/uploads\/2020\/03\/20200317_Mt1722-1024x1024.png 1024w, https:\/\/levangilealecran.com\/wp-content\/uploads\/2020\/03\/20200317_Mt1722-150x150.png 150w, https:\/\/levangilealecran.com\/wp-content\/uploads\/2020\/03\/20200317_Mt1722-768x768.png 768w, https:\/\/levangilealecran.com\/wp-content\/uploads\/2020\/03\/20200317_Mt1722-600x600.png 600w\" sizes=\"auto, (max-width: 600px) 100vw, 600px\" \/><\/figure>\n\n\n\n<p class=\"wp-block-paragraph\"><strong>> Le pardon est dans nos vies agit\u00e9es, une source de questions, de souffrances parfois, de r\u00e9sistances souvent : dois-je vraiment pardonner ? Jusqu\u2019o\u00f9 ? <\/strong><br>Et je fais le pari avec vous que ces questions vont jaillir du quotidien ces prochains jours&#8230;.<br>Car dans ce temps de restriction des contacts sociaux, les bisbilles et conflits autour des priorit\u00e9s et du respect de l&rsquo;alt\u00e9rit\u00e9 de nos proches vont nous sauter au visage, j&rsquo;en suis persuad\u00e9e&#8230;.comment allons-nous g\u00e9rer de nous retrouver en famille sans plus de distraction ext\u00e9rieure et sans les liens au travail qui nous permettent de \u00ab\u00a0tenir la baraque\u00a0\u00bb???<br><br>Il va falloir nous laisser inspirer par le 7\u00d770&#8230;<br><br>Et red\u00e9couvrir l&rsquo;\u00e9conomie du pardon de cette parabole \u00e0 la lumi\u00e8re aussi du passage du Notre P\u00e8re: pardonne-nous nos offenses, comme nous pardonnons aussi \u00e0 ceux qui nous ont offens\u00e9s !<br>Il y a un lien entre le pardon qui nous est accord\u00e9 par Dieu et celui que nous devons accorder aux autres. <\/p>\n\n\n\n<blockquote class=\"wp-block-quote is-layout-flow wp-block-quote-is-layout-flow\"><p>\u00ab Mon P\u00e8re qui est dans les cieux vous fera la m\u00eame chose (refuser le pardon) si chacun de vous ne pardonne pas \u00e0 ses fr\u00e8res et s\u0153urs de tout son c\u0153ur \u00bb.<\/p><cite> (v.35) <\/cite><\/blockquote>\n\n\n\n<p class=\"wp-block-paragraph\">Faut-il entendre ici une menace ? Plut\u00f4t un avertissement : que se passe-t-il quand le pardon est refus\u00e9, dit J\u00e9sus ? Une dette reste, des liens d\u2019asservissement sont maintenus, des gens sont en prison. <br><br>En somme, ne pas pardonner, cela a un impact n\u00e9gatif plus profond qu\u2019on ne le pense sur nous-m\u00eames, sur nos relations avec les autres et avec Dieu.<br><br><strong>> Alors pour que ne s&rsquo;installe pas un virus encore plus sournois de relations d\u00e9l\u00e9t\u00e8res pour ceux qui retiennent les fautes&#8230;une seule r\u00e8gle, mes amis, 7\u00d770!!!<\/strong><\/p>\n","protected":false},"excerpt":{"rendered":"<p>Matthieu 18.21-35 &#8211; Parabole du serviteur impitoyable J\u00e9sus lui r\u00e9pond : \u00abJe ne te dis pas de pardonner \u00e0 ton fr\u00e8re qui t&rsquo;a fait du mal jusqu&rsquo;\u00e0 7 fois, mais jusqu&rsquo;\u00e0 70 fois 7 fois.\u00bb Mt 18, 22 > Le pardon est dans nos vies agit\u00e9es, une source de questions, de souffrances parfois, de r\u00e9sistances souvent : dois-je vraiment pardonner ? Jusqu\u2019o\u00f9 ? Et je fais le pari avec vous que ces questions vont jaillir du quotidien ces prochains jours&#8230;.Car dans ce temps de restriction des contacts sociaux, les bisbilles et conflits autour des priorit\u00e9s et du respect de l&rsquo;alt\u00e9rit\u00e9 de nos proches vont nous sauter au visage, j&rsquo;en suis \u2026 <a class=\"continue-reading-link\" href=\"https:\/\/levangilealecran.com\/?p=1887\"> Continue reading <span class=\"meta-nav\">&rarr; <\/span><\/a><\/p>\n","protected":false},"author":2006,"featured_media":0,"comment_status":"open","ping_status":"open","sticky":false,"template":"","format":"standard","meta":{"footnotes":""},"categories":[44,8],"tags":[47,199],"class_list":["post-1887","post","type-post","status-publish","format-standard","hentry","category-careme","category-matthieu","tag-careme-2","tag-pardon"],"_links":{"self":[{"href":"https:\/\/levangilealecran.com\/index.php?rest_route=\/wp\/v2\/posts\/1887","targetHints":{"allow":["GET"]}}],"collection":[{"href":"https:\/\/levangilealecran.com\/index.php?rest_route=\/wp\/v2\/posts"}],"about":[{"href":"https:\/\/levangilealecran.com\/index.php?rest_route=\/wp\/v2\/types\/post"}],"author":[{"embeddable":true,"href":"https:\/\/levangilealecran.com\/index.php?rest_route=\/wp\/v2\/users\/2006"}],"replies":[{"embeddable":true,"href":"https:\/\/levangilealecran.com\/index.php?rest_route=%2Fwp%2Fv2%2Fcomments&post=1887"}],"version-history":[{"count":1,"href":"https:\/\/levangilealecran.com\/index.php?rest_route=\/wp\/v2\/posts\/1887\/revisions"}],"predecessor-version":[{"id":1889,"href":"https:\/\/levangilealecran.com\/index.php?rest_route=\/wp\/v2\/posts\/1887\/revisions\/1889"}],"wp:attachment":[{"href":"https:\/\/levangilealecran.com\/index.php?rest_route=%2Fwp%2Fv2%2Fmedia&parent=1887"}],"wp:term":[{"taxonomy":"category","embeddable":true,"href":"https:\/\/levangilealecran.com\/index.php?rest_route=%2Fwp%2Fv2%2Fcategories&post=1887"},{"taxonomy":"post_tag","embeddable":true,"href":"https:\/\/levangilealecran.com\/index.php?rest_route=%2Fwp%2Fv2%2Ftags&post=1887"}],"curies":[{"name":"wp","href":"https:\/\/api.w.org\/{rel}","templated":true}]}}