{"id":1884,"date":"2020-03-16T12:00:00","date_gmt":"2020-03-16T11:00:00","guid":{"rendered":"http:\/\/levangilealecran.com?p=1884"},"modified":"2020-03-16T11:30:06","modified_gmt":"2020-03-16T10:30:06","slug":"lundi-16-mars-2020","status":"publish","type":"post","link":"https:\/\/levangilealecran.com\/?p=1884","title":{"rendered":"Lundi 16 mars 2020"},"content":{"rendered":"\n<blockquote class=\"wp-block-quote is-layout-flow wp-block-quote-is-layout-flow\"><p>\u00ab Amen, je vous le dis : aucun proph\u00e8te ne trouve un accueil favorable dans son pays.\u00bb <\/p><cite> Luc 4,24 <\/cite><\/blockquote>\n\n\n\n<figure class=\"wp-block-image size-full is-resized\"><img loading=\"lazy\" decoding=\"async\" src=\"http:\/\/levangilealecran.comwp-content\/uploads\/2020\/03\/20200316_Lc424.png\" alt=\"\" class=\"wp-image-1885\" width=\"600\" height=\"600\" srcset=\"https:\/\/levangilealecran.com\/wp-content\/uploads\/2020\/03\/20200316_Lc424.png 1200w, https:\/\/levangilealecran.com\/wp-content\/uploads\/2020\/03\/20200316_Lc424-300x300.png 300w, https:\/\/levangilealecran.com\/wp-content\/uploads\/2020\/03\/20200316_Lc424-1024x1024.png 1024w, https:\/\/levangilealecran.com\/wp-content\/uploads\/2020\/03\/20200316_Lc424-150x150.png 150w, https:\/\/levangilealecran.com\/wp-content\/uploads\/2020\/03\/20200316_Lc424-768x768.png 768w, https:\/\/levangilealecran.com\/wp-content\/uploads\/2020\/03\/20200316_Lc424-600x600.png 600w\" sizes=\"auto, (max-width: 600px) 100vw, 600px\" \/><\/figure>\n\n\n\n<p class=\"wp-block-paragraph\"><strong>> Dans l\u2019\u00c9vangile de ce jour, J\u00e9sus fait m\u00e9moire des proph\u00e8tes \u00c9lie et \u00c9lis\u00e9e et redira comment ils n&rsquo;ont pas \u00e9t\u00e9 reconnu dans leur lieu d&rsquo;origine. On comprends d\u00e9j\u00e0 que J\u00e9sus parle aussi de Lui-m\u00eame et de son chemin vers P\u00e2ques o\u00f9 il sera rejet\u00e9.Qu&rsquo;est-ce \u00e0 dire pour nous comme chr\u00e9tiens dans l&rsquo;occident aujourd&rsquo;hui ? Le christianisme est en d\u00e9clin en Europe, les \u00c9glises point\u00e9es du doigt, parfois avec raison, pour leur m\u00e9faits mais rarement cit\u00e9es pour leurs bienfaits. Aujourd&rsquo;hui, il n&rsquo;est plus rare de faire face \u00e0 un rejet ou simplement un d\u00e9sint\u00e9r\u00eat de la part des gens face \u00e0 notre engagement en tant que chr\u00e9tiens. Mais \u00e0 y r\u00e9fl\u00e9chir, cet accueil \u00ab\u00a0non favorable\u00a0\u00bb est le m\u00eame que celui donn\u00e9 aux migrants, ou a tout ce qui vient mettre un grain de sable dans le rouage de notre routine ou plan de vie.<\/strong><\/p>\n\n\n\n<p class=\"wp-block-paragraph\"><strong>> Il y a en ce moment un tr\u00e8s petit grain de sable sur le microscope qui enraye violemment la machine. En ces temps de ralentissement d\u00fb au confinement pour freiner la propagation, le coronavirus nous oblige \u00e0 repenser nos valeurs. En tant que chr\u00e9tiens soyons pr\u00e9sents pour donner espoir, pour aider ceux qui ont en besoin et prier les uns pour les autres. <\/strong><\/p>\n","protected":false},"excerpt":{"rendered":"<p>\u00ab Amen, je vous le dis : aucun proph\u00e8te ne trouve un accueil favorable dans son pays.\u00bb Luc 4,24 > Dans l\u2019\u00c9vangile de ce jour, J\u00e9sus fait m\u00e9moire des proph\u00e8tes \u00c9lie et \u00c9lis\u00e9e et redira comment ils n&rsquo;ont pas \u00e9t\u00e9 reconnu dans leur lieu d&rsquo;origine. On comprends d\u00e9j\u00e0 que J\u00e9sus parle aussi de Lui-m\u00eame et de son chemin vers P\u00e2ques o\u00f9 il sera rejet\u00e9.Qu&rsquo;est-ce \u00e0 dire pour nous comme chr\u00e9tiens dans l&rsquo;occident aujourd&rsquo;hui ? Le christianisme est en d\u00e9clin en Europe, les \u00c9glises point\u00e9es du doigt, parfois avec raison, pour leur m\u00e9faits mais rarement cit\u00e9es pour leurs bienfaits. Aujourd&rsquo;hui, il n&rsquo;est plus rare de faire face \u00e0 un rejet ou \u2026 <a class=\"continue-reading-link\" href=\"https:\/\/levangilealecran.com\/?p=1884\"> Continue reading <span class=\"meta-nav\">&rarr; <\/span><\/a><\/p>\n","protected":false},"author":2006,"featured_media":0,"comment_status":"open","ping_status":"open","sticky":false,"template":"","format":"standard","meta":{"footnotes":""},"categories":[44,6],"tags":[340,576,31],"class_list":["post-1884","post","type-post","status-publish","format-standard","hentry","category-careme","category-luc","tag-accueil","tag-espoir","tag-priere"],"_links":{"self":[{"href":"https:\/\/levangilealecran.com\/index.php?rest_route=\/wp\/v2\/posts\/1884","targetHints":{"allow":["GET"]}}],"collection":[{"href":"https:\/\/levangilealecran.com\/index.php?rest_route=\/wp\/v2\/posts"}],"about":[{"href":"https:\/\/levangilealecran.com\/index.php?rest_route=\/wp\/v2\/types\/post"}],"author":[{"embeddable":true,"href":"https:\/\/levangilealecran.com\/index.php?rest_route=\/wp\/v2\/users\/2006"}],"replies":[{"embeddable":true,"href":"https:\/\/levangilealecran.com\/index.php?rest_route=%2Fwp%2Fv2%2Fcomments&post=1884"}],"version-history":[{"count":1,"href":"https:\/\/levangilealecran.com\/index.php?rest_route=\/wp\/v2\/posts\/1884\/revisions"}],"predecessor-version":[{"id":1886,"href":"https:\/\/levangilealecran.com\/index.php?rest_route=\/wp\/v2\/posts\/1884\/revisions\/1886"}],"wp:attachment":[{"href":"https:\/\/levangilealecran.com\/index.php?rest_route=%2Fwp%2Fv2%2Fmedia&parent=1884"}],"wp:term":[{"taxonomy":"category","embeddable":true,"href":"https:\/\/levangilealecran.com\/index.php?rest_route=%2Fwp%2Fv2%2Fcategories&post=1884"},{"taxonomy":"post_tag","embeddable":true,"href":"https:\/\/levangilealecran.com\/index.php?rest_route=%2Fwp%2Fv2%2Ftags&post=1884"}],"curies":[{"name":"wp","href":"https:\/\/api.w.org\/{rel}","templated":true}]}}