{"id":1881,"date":"2020-03-16T09:55:32","date_gmt":"2020-03-16T08:55:32","guid":{"rendered":"http:\/\/levangilealecran.com?p=1881"},"modified":"2020-03-16T09:55:32","modified_gmt":"2020-03-16T08:55:32","slug":"careme-et-coronavirus","status":"publish","type":"post","link":"https:\/\/levangilealecran.com\/?p=1881","title":{"rendered":"Car\u00eame et Coronavirus"},"content":{"rendered":"\n<blockquote class=\"wp-block-quote is-layout-flow wp-block-quote-is-layout-flow\"><p>\u201cRien ne pourra nous s\u00e9parer de l\u2019amour de Dieu qui est en J\u00e9sus Christ\u201d<\/p><cite> Rm 8,38<\/cite><\/blockquote>\n\n\n\n<figure class=\"wp-block-image size-full is-resized\"><img loading=\"lazy\" decoding=\"async\" src=\"http:\/\/levangilealecran.comwp-content\/uploads\/2020\/03\/963e8f7c1c69e8382259edf2c44a1da1.png\" alt=\"\" class=\"wp-image-1882\" width=\"600\" height=\"600\" srcset=\"https:\/\/levangilealecran.com\/wp-content\/uploads\/2020\/03\/963e8f7c1c69e8382259edf2c44a1da1.png 1200w, https:\/\/levangilealecran.com\/wp-content\/uploads\/2020\/03\/963e8f7c1c69e8382259edf2c44a1da1-300x300.png 300w, https:\/\/levangilealecran.com\/wp-content\/uploads\/2020\/03\/963e8f7c1c69e8382259edf2c44a1da1-1024x1024.png 1024w, https:\/\/levangilealecran.com\/wp-content\/uploads\/2020\/03\/963e8f7c1c69e8382259edf2c44a1da1-150x150.png 150w, https:\/\/levangilealecran.com\/wp-content\/uploads\/2020\/03\/963e8f7c1c69e8382259edf2c44a1da1-768x768.png 768w, https:\/\/levangilealecran.com\/wp-content\/uploads\/2020\/03\/963e8f7c1c69e8382259edf2c44a1da1-600x600.png 600w\" sizes=\"auto, (max-width: 600px) 100vw, 600px\" \/><\/figure>\n\n\n\n<p class=\"wp-block-paragraph\">L&rsquo;\u00c9quipe de r\u00e9dactrices et r\u00e9dacteurs de L&rsquo;Evangile \u00e0 l&rsquo;Ecran n&rsquo;est pas rest\u00e9 indiff\u00e9rente \u00e0 la d\u00e9cision d&rsquo;annuler les c\u00e9l\u00e9brations  un peu partout pour faire face au Coronavirus. Nous vous proposerons un rendez-vous quotidien \u00e0 midi pour vous permettre un temps de  rapprochement avec Celui qui est notre soutien. Soyez b\u00e9nis !<\/p>\n","protected":false},"excerpt":{"rendered":"<p>\u201cRien ne pourra nous s\u00e9parer de l\u2019amour de Dieu qui est en J\u00e9sus Christ\u201d Rm 8,38 L&rsquo;\u00c9quipe de r\u00e9dactrices et r\u00e9dacteurs de L&rsquo;Evangile \u00e0 l&rsquo;Ecran n&rsquo;est pas rest\u00e9 indiff\u00e9rente \u00e0 la d\u00e9cision d&rsquo;annuler les c\u00e9l\u00e9brations un peu partout pour faire face au Coronavirus. Nous vous proposerons un rendez-vous quotidien \u00e0 midi pour vous permettre un temps de rapprochement avec Celui qui est notre soutien. Soyez b\u00e9nis !<\/p>\n","protected":false},"author":2006,"featured_media":0,"comment_status":"open","ping_status":"open","sticky":false,"template":"","format":"standard","meta":{"footnotes":""},"categories":[1],"tags":[],"class_list":["post-1881","post","type-post","status-publish","format-standard","hentry","category-sanscategorie"],"_links":{"self":[{"href":"https:\/\/levangilealecran.com\/index.php?rest_route=\/wp\/v2\/posts\/1881","targetHints":{"allow":["GET"]}}],"collection":[{"href":"https:\/\/levangilealecran.com\/index.php?rest_route=\/wp\/v2\/posts"}],"about":[{"href":"https:\/\/levangilealecran.com\/index.php?rest_route=\/wp\/v2\/types\/post"}],"author":[{"embeddable":true,"href":"https:\/\/levangilealecran.com\/index.php?rest_route=\/wp\/v2\/users\/2006"}],"replies":[{"embeddable":true,"href":"https:\/\/levangilealecran.com\/index.php?rest_route=%2Fwp%2Fv2%2Fcomments&post=1881"}],"version-history":[{"count":1,"href":"https:\/\/levangilealecran.com\/index.php?rest_route=\/wp\/v2\/posts\/1881\/revisions"}],"predecessor-version":[{"id":1883,"href":"https:\/\/levangilealecran.com\/index.php?rest_route=\/wp\/v2\/posts\/1881\/revisions\/1883"}],"wp:attachment":[{"href":"https:\/\/levangilealecran.com\/index.php?rest_route=%2Fwp%2Fv2%2Fmedia&parent=1881"}],"wp:term":[{"taxonomy":"category","embeddable":true,"href":"https:\/\/levangilealecran.com\/index.php?rest_route=%2Fwp%2Fv2%2Fcategories&post=1881"},{"taxonomy":"post_tag","embeddable":true,"href":"https:\/\/levangilealecran.com\/index.php?rest_route=%2Fwp%2Fv2%2Ftags&post=1881"}],"curies":[{"name":"wp","href":"https:\/\/api.w.org\/{rel}","templated":true}]}}