{"id":1877,"date":"2020-03-13T08:34:00","date_gmt":"2020-03-13T07:34:00","guid":{"rendered":"http:\/\/levangilealecran.com?p=1877"},"modified":"2020-03-12T09:56:11","modified_gmt":"2020-03-12T08:56:11","slug":"3e-dimanche-de-careme-c-4","status":"publish","type":"post","link":"https:\/\/levangilealecran.com\/?p=1877","title":{"rendered":"3e dimanche de Car\u00eame &#8211; A"},"content":{"rendered":"\n<blockquote class=\"wp-block-quote is-layout-flow wp-block-quote-is-layout-flow\"><p>\u00ab Il m\u2019a dit tout ce que j\u2019ai fait. \u00bb Aussi, lorsqu\u2019ils furent arriv\u00e9s pr\u00e8s de Lui, les Samaritains le pri\u00e8rent de demeurer parmi eux. Et Il y demeura deux jours.<\/p><cite>Jean 4, 39b-40<\/cite><\/blockquote>\n\n\n\n<figure class=\"wp-block-image size-large\"><img loading=\"lazy\" decoding=\"async\" width=\"608\" height=\"325\" src=\"http:\/\/levangilealecran.comwp-content\/uploads\/2020\/03\/samaritaine.png\" alt=\"\" class=\"wp-image-1878\" srcset=\"https:\/\/levangilealecran.com\/wp-content\/uploads\/2020\/03\/samaritaine.png 608w, https:\/\/levangilealecran.com\/wp-content\/uploads\/2020\/03\/samaritaine-300x160.png 300w, https:\/\/levangilealecran.com\/wp-content\/uploads\/2020\/03\/samaritaine-600x321.png 600w, https:\/\/levangilealecran.com\/wp-content\/uploads\/2020\/03\/samaritaine-150x80.png 150w, https:\/\/levangilealecran.com\/wp-content\/uploads\/2020\/03\/samaritaine-250x134.png 250w\" sizes=\"auto, (max-width: 608px) 100vw, 608px\" \/><\/figure>\n\n\n\n<p class=\"wp-block-paragraph\"><strong>&gt; La joie de la r\u00e9v\u00e9lation r\u00e8gne parmi les Samaritains. Une des leurs a puis\u00e9 de l\u2019eau pour LE Messie. Allons-nous aussi inviter J\u00e9sus et les assoiff\u00e9es qui l\u2019entourent ?<\/strong><\/p>\n\n\n\n<p class=\"wp-block-paragraph\"><strong>Comment vivre cette semaine prochaine sans partager l\u2019eau, le sel et le pain, nourriture essentielle en p\u00e9riode de Car\u00eame ? Malgr\u00e9 les signaux alarmistes autour de ce \u00ab virus \u00bb mondial, J\u00e9sus me demande de pratiquer l\u2019hospitalit\u00e9 et la solidarit\u00e9 ; de ne pas me d\u00e9tourner des besoins de mes fr\u00e8res et s\u0153urs dans l\u2019\u00e9preuve. <\/strong><\/p>\n\n\n\n<p class=\"wp-block-paragraph\"><strong>La prudence est indispensable pour \u00e9viter de transmettre le mal mais restons unis dans le partage des biens mat\u00e9riels et spirituels et adorons ce Dieu qui s\u2019est fait Homme jusqu\u2019\u00e0 nous demander \u00e0 boire.<\/strong><\/p>\n","protected":false},"excerpt":{"rendered":"<p>\u00ab Il m\u2019a dit tout ce que j\u2019ai fait. \u00bb Aussi, lorsqu\u2019ils furent arriv\u00e9s pr\u00e8s de Lui, les Samaritains le pri\u00e8rent de demeurer parmi eux. Et Il y demeura deux jours. Jean 4, 39b-40 &gt; La joie de la r\u00e9v\u00e9lation r\u00e8gne parmi les Samaritains. Une des leurs a puis\u00e9 de l\u2019eau pour LE Messie. Allons-nous aussi inviter J\u00e9sus et les assoiff\u00e9es qui l\u2019entourent ? Comment vivre cette semaine prochaine sans partager l\u2019eau, le sel et le pain, nourriture essentielle en p\u00e9riode de Car\u00eame ? Malgr\u00e9 les signaux alarmistes autour de ce \u00ab virus \u00bb mondial, J\u00e9sus me demande de pratiquer l\u2019hospitalit\u00e9 et la solidarit\u00e9 ; de ne pas me d\u00e9tourner \u2026 <a class=\"continue-reading-link\" href=\"https:\/\/levangilealecran.com\/?p=1877\"> Continue reading <span class=\"meta-nav\">&rarr; <\/span><\/a><\/p>\n","protected":false},"author":2006,"featured_media":0,"comment_status":"open","ping_status":"open","sticky":false,"template":"","format":"standard","meta":{"footnotes":""},"categories":[44,4,5],"tags":[473,389,292,624],"class_list":["post-1877","post","type-post","status-publish","format-standard","hentry","category-careme","category-dimanche","category-jean","tag-epreuve","tag-mal","tag-soif","tag-solidarite"],"_links":{"self":[{"href":"https:\/\/levangilealecran.com\/index.php?rest_route=\/wp\/v2\/posts\/1877","targetHints":{"allow":["GET"]}}],"collection":[{"href":"https:\/\/levangilealecran.com\/index.php?rest_route=\/wp\/v2\/posts"}],"about":[{"href":"https:\/\/levangilealecran.com\/index.php?rest_route=\/wp\/v2\/types\/post"}],"author":[{"embeddable":true,"href":"https:\/\/levangilealecran.com\/index.php?rest_route=\/wp\/v2\/users\/2006"}],"replies":[{"embeddable":true,"href":"https:\/\/levangilealecran.com\/index.php?rest_route=%2Fwp%2Fv2%2Fcomments&post=1877"}],"version-history":[{"count":2,"href":"https:\/\/levangilealecran.com\/index.php?rest_route=\/wp\/v2\/posts\/1877\/revisions"}],"predecessor-version":[{"id":1880,"href":"https:\/\/levangilealecran.com\/index.php?rest_route=\/wp\/v2\/posts\/1877\/revisions\/1880"}],"wp:attachment":[{"href":"https:\/\/levangilealecran.com\/index.php?rest_route=%2Fwp%2Fv2%2Fmedia&parent=1877"}],"wp:term":[{"taxonomy":"category","embeddable":true,"href":"https:\/\/levangilealecran.com\/index.php?rest_route=%2Fwp%2Fv2%2Fcategories&post=1877"},{"taxonomy":"post_tag","embeddable":true,"href":"https:\/\/levangilealecran.com\/index.php?rest_route=%2Fwp%2Fv2%2Ftags&post=1877"}],"curies":[{"name":"wp","href":"https:\/\/api.w.org\/{rel}","templated":true}]}}