{"id":1873,"date":"2020-03-06T08:00:00","date_gmt":"2020-03-06T07:00:00","guid":{"rendered":"http:\/\/levangilealecran.com?p=1873"},"modified":"2020-03-05T17:56:16","modified_gmt":"2020-03-05T16:56:16","slug":"dimanche-2eme-semaine-de-careme-annee-a","status":"publish","type":"post","link":"https:\/\/levangilealecran.com\/?p=1873","title":{"rendered":"dimanche, 2\u00e8me Semaine de Car\u00eame \u2014 Ann\u00e9e A"},"content":{"rendered":"\n<h2 class=\"wp-block-heading\"> Lumi\u00e8re contagieuse<\/h2>\n\n\n\n<blockquote class=\"wp-block-quote is-layout-flow wp-block-quote-is-layout-flow\"><p>\u00abIl fut transfigur\u00e9 devant eux ; son visage devint brillant comme le soleil\u00bb <\/p><cite> Matthieu 17,2 <br><\/cite><\/blockquote>\n\n\n\n<figure class=\"wp-block-image size-full is-resized\"><img loading=\"lazy\" decoding=\"async\" src=\"http:\/\/levangilealecran.comwp-content\/uploads\/2020\/03\/20200308_Mt172.png\" alt=\"\" class=\"wp-image-1874\" width=\"600\" height=\"600\" srcset=\"https:\/\/levangilealecran.com\/wp-content\/uploads\/2020\/03\/20200308_Mt172.png 1200w, https:\/\/levangilealecran.com\/wp-content\/uploads\/2020\/03\/20200308_Mt172-300x300.png 300w, https:\/\/levangilealecran.com\/wp-content\/uploads\/2020\/03\/20200308_Mt172-1024x1024.png 1024w, https:\/\/levangilealecran.com\/wp-content\/uploads\/2020\/03\/20200308_Mt172-150x150.png 150w, https:\/\/levangilealecran.com\/wp-content\/uploads\/2020\/03\/20200308_Mt172-768x768.png 768w, https:\/\/levangilealecran.com\/wp-content\/uploads\/2020\/03\/20200308_Mt172-600x600.png 600w\" sizes=\"auto, (max-width: 600px) 100vw, 600px\" \/><\/figure>\n\n\n\n<p class=\"wp-block-paragraph\"><strong>> J\u00e9sus est donc \u00ab transfigur\u00e9 \u00bb\u2026 Si on ne sait pas forc\u00e9ment tr\u00e8s pr\u00e9cis\u00e9ment ce que d\u00e9signe ce terme, toujours est-il que son visage semble devenir comme lumineux. <br>   Et c\u2019est l\u00e0 quelque chose que nous connaissons bien : lorsque nous disons \u00e0 une personne qu\u2019elle a de la lumi\u00e8re dans les yeux, la voil\u00e0 transfigur\u00e9e ! <br>   Laisser passer la lumi\u00e8re \u00e0 travers notre visage me semble un enjeu important par les temps qui courent. Au-del\u00e0 de la n\u00e9cessit\u00e9 d\u2019\u00e9viter les faces de Car\u00eame sans P\u00e2ques, gageons que si tel ou tel virus se mesure \u00e0 son degr\u00e9 de contagion, la joie qu\u2019un regard lumineux transmet peut-\u00eatre plus contagieuse encore ! Et sans aucun effet ind\u00e9sirable ! <\/strong><\/p>\n\n\n\n<p class=\"wp-block-paragraph\">><strong> Soyons donc contagieux de toute la lumi\u00e8re que nos yeux sont capables d\u2019engranger pour la retransmettre \u00e0 nos  prochains !<\/strong><\/p>\n","protected":false},"excerpt":{"rendered":"<p>Lumi\u00e8re contagieuse \u00abIl fut transfigur\u00e9 devant eux ; son visage devint brillant comme le soleil\u00bb Matthieu 17,2 > J\u00e9sus est donc \u00ab transfigur\u00e9 \u00bb\u2026 Si on ne sait pas forc\u00e9ment tr\u00e8s pr\u00e9cis\u00e9ment ce que d\u00e9signe ce terme, toujours est-il que son visage semble devenir comme lumineux. Et c\u2019est l\u00e0 quelque chose que nous connaissons bien : lorsque nous disons \u00e0 une personne qu\u2019elle a de la lumi\u00e8re dans les yeux, la voil\u00e0 transfigur\u00e9e ! Laisser passer la lumi\u00e8re \u00e0 travers notre visage me semble un enjeu important par les temps qui courent. Au-del\u00e0 de la n\u00e9cessit\u00e9 d\u2019\u00e9viter les faces de Car\u00eame sans P\u00e2ques, gageons que si tel ou tel virus \u2026 <a class=\"continue-reading-link\" href=\"https:\/\/levangilealecran.com\/?p=1873\"> Continue reading <span class=\"meta-nav\">&rarr; <\/span><\/a><\/p>\n","protected":false},"author":2006,"featured_media":0,"comment_status":"open","ping_status":"open","sticky":false,"template":"","format":"standard","meta":{"footnotes":""},"categories":[44,4,8],"tags":[237,49],"class_list":["post-1873","post","type-post","status-publish","format-standard","hentry","category-careme","category-dimanche","category-matthieu","tag-lumiere","tag-transfiguration"],"_links":{"self":[{"href":"https:\/\/levangilealecran.com\/index.php?rest_route=\/wp\/v2\/posts\/1873","targetHints":{"allow":["GET"]}}],"collection":[{"href":"https:\/\/levangilealecran.com\/index.php?rest_route=\/wp\/v2\/posts"}],"about":[{"href":"https:\/\/levangilealecran.com\/index.php?rest_route=\/wp\/v2\/types\/post"}],"author":[{"embeddable":true,"href":"https:\/\/levangilealecran.com\/index.php?rest_route=\/wp\/v2\/users\/2006"}],"replies":[{"embeddable":true,"href":"https:\/\/levangilealecran.com\/index.php?rest_route=%2Fwp%2Fv2%2Fcomments&post=1873"}],"version-history":[{"count":1,"href":"https:\/\/levangilealecran.com\/index.php?rest_route=\/wp\/v2\/posts\/1873\/revisions"}],"predecessor-version":[{"id":1875,"href":"https:\/\/levangilealecran.com\/index.php?rest_route=\/wp\/v2\/posts\/1873\/revisions\/1875"}],"wp:attachment":[{"href":"https:\/\/levangilealecran.com\/index.php?rest_route=%2Fwp%2Fv2%2Fmedia&parent=1873"}],"wp:term":[{"taxonomy":"category","embeddable":true,"href":"https:\/\/levangilealecran.com\/index.php?rest_route=%2Fwp%2Fv2%2Fcategories&post=1873"},{"taxonomy":"post_tag","embeddable":true,"href":"https:\/\/levangilealecran.com\/index.php?rest_route=%2Fwp%2Fv2%2Ftags&post=1873"}],"curies":[{"name":"wp","href":"https:\/\/api.w.org\/{rel}","templated":true}]}}