{"id":1852,"date":"2020-02-21T08:00:33","date_gmt":"2020-02-21T07:00:33","guid":{"rendered":"http:\/\/levangilealecran.com?p=1852"},"modified":"2020-02-28T12:21:30","modified_gmt":"2020-02-28T11:21:30","slug":"7eme-dimanche-du-temps-ordinaire-c-2","status":"publish","type":"post","link":"https:\/\/levangilealecran.com\/?p=1852","title":{"rendered":"7\u00e8me dimanche du temps ordinaire &#8211; A"},"content":{"rendered":"\n<blockquote class=\"wp-block-quote is-layout-flow wp-block-quote-is-layout-flow\"><p>\u00ab Aimez vos ennemis, et priez pour ceux qui vous pers\u00e9cutent, afin d\u2019\u00eatre vraiment les fils de votre P\u00e8re qui est aux cieux. \u00bb<\/p><cite>Mt 5,44-45a<\/cite><\/blockquote>\n\n\n\n<figure class=\"wp-block-image\"><img loading=\"lazy\" decoding=\"async\" width=\"600\" height=\"600\" src=\"http:\/\/levangilealecran.comwp-content\/uploads\/2020\/02\/ImageEvEcr2020_02_23.jpg\" alt=\"\" class=\"wp-image-1853\" srcset=\"https:\/\/levangilealecran.com\/wp-content\/uploads\/2020\/02\/ImageEvEcr2020_02_23.jpg 600w, https:\/\/levangilealecran.com\/wp-content\/uploads\/2020\/02\/ImageEvEcr2020_02_23-150x150.jpg 150w, https:\/\/levangilealecran.com\/wp-content\/uploads\/2020\/02\/ImageEvEcr2020_02_23-300x300.jpg 300w\" sizes=\"auto, (max-width: 600px) 100vw, 600px\" \/><\/figure>\n\n\n\n<p class=\"wp-block-paragraph\"><strong>&gt; Aimer et prier pour nos ennemis et pour ceux qui nous pers\u00e9cutent : toute la folie et la puissance de l\u2019Evangile sont r\u00e9sum\u00e9s en ce mots de J\u00e9sus du Sermon sur la montagne. L\u2019Evangile est amour, pour tous, et surtout pour ceux qui nous \u00e9loign\u00e9s ou qui nous font du mal, aussi difficile cela puisse-t-il \u00eatre entendu et surtout v\u00e9cu pour nous, humains. L\u2019Evangile est Amour.<\/strong><\/p>\n\n\n\n<p class=\"wp-block-paragraph\"><strong>Pourquoi ? Parce que, comme disait Martin Luther King, lui l\u2019homme qui \u00e9t\u00e9 pers\u00e9cut\u00e9s mais qui n\u2019a jamais rel\u00e2ch\u00e9 sa pri\u00e8re, son amour : \u00ab Dieu n\u2019est-il pas un extr\u00e9miste de l\u2019amour ? \u00bb Le Pape Fran\u00e7ois, dans un tweet, \u00e9crivait aussi : \u00ab J\u00e9sus nous a aim\u00e9. J\u00e9sus nous aime. Sans limite, pour toujours et jusqu\u2019au bout. \u00bb<\/strong><\/p>\n\n\n\n<p class=\"wp-block-paragraph\"><strong>A notre tour, \u00e0 la suite de tous les chr\u00e9tiens, \u00e0 la suite de Martin Luther King, \u00e0 la suite du Pape Fran\u00e7ois, nous pouvons nous aussi croire que Dieu est un extr\u00e9miste de l\u2019amour, nous pouvons nous aussi, en toute humilit\u00e9, essayer ce qui peut nous sembler impossible. Soyons des extr\u00e9mistes de l\u2019amour ! Ainsi, si nous aimons vraiment, nous serons les filles et les fils de notre P\u00e8re qui est aux cieux. Car \u00ab c\u2019est \u00e0 l\u2019amour que vous aurez les uns pour les autres que tous vous reconna\u00eetront pour mes disciples \u00bb (Jean 13,35).<\/strong><\/p>\n\n\n\n<p class=\"wp-block-paragraph\"><strong>Alors cette semaine, soyons des extr\u00e9mistes de l\u2019amour. Dans notre pri\u00e8re. Dans nos actes. Confions \u00e0 Dieu ceux qui nous tapent sur le syst\u00e8me, ceux qui peuvent avoir des paroles blessantes \u00e0 notre \u00e9gard, ceux qui nous \u00ab pers\u00e9cutent \u00bb. Aimons-les en nous rappelant que Christ les aime eux aussi. Ainsi, ce sera un bout de l\u2019Evangile que nous pourrons essayer de vivre !<\/strong><\/p>\n","protected":false},"excerpt":{"rendered":"<p>\u00ab Aimez vos ennemis, et priez pour ceux qui vous pers\u00e9cutent, afin d\u2019\u00eatre vraiment les fils de votre P\u00e8re qui est aux cieux. \u00bb Mt 5,44-45a &gt; Aimer et prier pour nos ennemis et pour ceux qui nous pers\u00e9cutent : toute la folie et la puissance de l\u2019Evangile sont r\u00e9sum\u00e9s en ce mots de J\u00e9sus du Sermon sur la montagne. L\u2019Evangile est amour, pour tous, et surtout pour ceux qui nous \u00e9loign\u00e9s ou qui nous font du mal, aussi difficile cela puisse-t-il \u00eatre entendu et surtout v\u00e9cu pour nous, humains. L\u2019Evangile est Amour. Pourquoi ? Parce que, comme disait Martin Luther King, lui l\u2019homme qui \u00e9t\u00e9 pers\u00e9cut\u00e9s mais qui n\u2019a \u2026 <a class=\"continue-reading-link\" href=\"https:\/\/levangilealecran.com\/?p=1852\"> Continue reading <span class=\"meta-nav\">&rarr; <\/span><\/a><\/p>\n","protected":false},"author":2006,"featured_media":0,"comment_status":"open","ping_status":"open","sticky":false,"template":"","format":"standard","meta":{"footnotes":""},"categories":[4,8],"tags":[16,80,723,722,238],"class_list":["post-1852","post","type-post","status-publish","format-standard","hentry","category-dimanche","category-matthieu","tag-amour","tag-evangile","tag-martin-luther-king","tag-pape-francois","tag-temoignage"],"_links":{"self":[{"href":"https:\/\/levangilealecran.com\/index.php?rest_route=\/wp\/v2\/posts\/1852","targetHints":{"allow":["GET"]}}],"collection":[{"href":"https:\/\/levangilealecran.com\/index.php?rest_route=\/wp\/v2\/posts"}],"about":[{"href":"https:\/\/levangilealecran.com\/index.php?rest_route=\/wp\/v2\/types\/post"}],"author":[{"embeddable":true,"href":"https:\/\/levangilealecran.com\/index.php?rest_route=\/wp\/v2\/users\/2006"}],"replies":[{"embeddable":true,"href":"https:\/\/levangilealecran.com\/index.php?rest_route=%2Fwp%2Fv2%2Fcomments&post=1852"}],"version-history":[{"count":3,"href":"https:\/\/levangilealecran.com\/index.php?rest_route=\/wp\/v2\/posts\/1852\/revisions"}],"predecessor-version":[{"id":1870,"href":"https:\/\/levangilealecran.com\/index.php?rest_route=\/wp\/v2\/posts\/1852\/revisions\/1870"}],"wp:attachment":[{"href":"https:\/\/levangilealecran.com\/index.php?rest_route=%2Fwp%2Fv2%2Fmedia&parent=1852"}],"wp:term":[{"taxonomy":"category","embeddable":true,"href":"https:\/\/levangilealecran.com\/index.php?rest_route=%2Fwp%2Fv2%2Fcategories&post=1852"},{"taxonomy":"post_tag","embeddable":true,"href":"https:\/\/levangilealecran.com\/index.php?rest_route=%2Fwp%2Fv2%2Ftags&post=1852"}],"curies":[{"name":"wp","href":"https:\/\/api.w.org\/{rel}","templated":true}]}}