{"id":1845,"date":"2020-02-07T15:54:21","date_gmt":"2020-02-07T14:54:21","guid":{"rendered":"http:\/\/levangilealecran.com?p=1845"},"modified":"2020-02-07T15:55:08","modified_gmt":"2020-02-07T14:55:08","slug":"5eme-dimanche-du-temps-ordinaire-a","status":"publish","type":"post","link":"https:\/\/levangilealecran.com\/?p=1845","title":{"rendered":"5\u00e8me dimanche du Temps Ordinaire \u2014 A"},"content":{"rendered":"\n<blockquote class=\"wp-block-quote is-layout-flow wp-block-quote-is-layout-flow\"><p>Vous \u00eates le sel de la terre et la lumi\u00e8re du monde (Matthieu 5.13-16)<\/p><\/blockquote>\n\n\n\n<p class=\"wp-block-paragraph\">Le sel et la lumi\u00e8re n&rsquo;ont pas \u00e0 voir avec des plus quantitatifs mais ils  changent tout au  niveau qualitatif&#8230;.une petite quantit\u00e9 de sel ou de lumi\u00e8re suffit \u00e0  transcender un plat ou \u00e0 changer radicalement  la luminosit\u00e9 d&rsquo;une  pi\u00e8ce. <\/p>\n\n\n\n<p class=\"wp-block-paragraph\"><strong>>Cette semaine je  veux r\u00e9fl\u00e9chir \u00e0 ma pr\u00e9sence au monde et \u00e0 mes proches en ces termes-l\u00e0  &#8230;m\u00eame si je passe peu de temps avec mes coll\u00e8gues ou avec ma famille \u00e0  cause d&rsquo;un agenda surcharg\u00e9,  comment rendre ce peu de temps riche de  saveur et de lumi\u00e8re ?<\/strong><\/p>\n\n\n\n<p class=\"wp-block-paragraph\">><em>Seigneur <br>Sans toi, ma vie serait sans saveur, je serais un errant dans l\u2019obscurit\u00e9. <br>Tu m\u2019\u00e9claires, tu donnes un sens \u00e0 ma vie. <br>Tu me remplis d\u2019une joie et d\u2019un \u00e9merveillement que je ne peux pas  garder pour moi. Donne moi de porter haut ta lumi\u00e8re pour qu&rsquo;elle  rayonne autour de moi!<\/em><br><em>Amen<\/em><\/p>\n\n\n\n<figure class=\"wp-block-embed-youtube wp-block-embed is-type-video is-provider-youtube wp-embed-aspect-16-9 wp-has-aspect-ratio\"><div class=\"wp-block-embed__wrapper\">\n<iframe loading=\"lazy\" title=\"Olso Gospel Choir - Shine Your Light(HD)With songtekst\/lyrics\" width=\"800\" height=\"450\" src=\"https:\/\/www.youtube.com\/embed\/6fbVVnTCfAg?feature=oembed\" frameborder=\"0\" allow=\"accelerometer; autoplay; encrypted-media; gyroscope; picture-in-picture\" allowfullscreen><\/iframe>\n<\/div><\/figure>\n","protected":false},"excerpt":{"rendered":"<p>Vous \u00eates le sel de la terre et la lumi\u00e8re du monde (Matthieu 5.13-16) Le sel et la lumi\u00e8re n&rsquo;ont pas \u00e0 voir avec des plus quantitatifs mais ils changent tout au niveau qualitatif&#8230;.une petite quantit\u00e9 de sel ou de lumi\u00e8re suffit \u00e0 transcender un plat ou \u00e0 changer radicalement la luminosit\u00e9 d&rsquo;une pi\u00e8ce. >Cette semaine je veux r\u00e9fl\u00e9chir \u00e0 ma pr\u00e9sence au monde et \u00e0 mes proches en ces termes-l\u00e0 &#8230;m\u00eame si je passe peu de temps avec mes coll\u00e8gues ou avec ma famille \u00e0 cause d&rsquo;un agenda surcharg\u00e9, comment rendre ce peu de temps riche de saveur et de lumi\u00e8re ? >Seigneur Sans toi, ma vie serait sans \u2026 <a class=\"continue-reading-link\" href=\"https:\/\/levangilealecran.com\/?p=1845\"> Continue reading <span class=\"meta-nav\">&rarr; <\/span><\/a><\/p>\n","protected":false},"author":2006,"featured_media":0,"comment_status":"open","ping_status":"open","sticky":false,"template":"","format":"standard","meta":{"footnotes":""},"categories":[4,8,1],"tags":[237,569],"class_list":["post-1845","post","type-post","status-publish","format-standard","hentry","category-dimanche","category-matthieu","category-sanscategorie","tag-lumiere","tag-sel"],"_links":{"self":[{"href":"https:\/\/levangilealecran.com\/index.php?rest_route=\/wp\/v2\/posts\/1845","targetHints":{"allow":["GET"]}}],"collection":[{"href":"https:\/\/levangilealecran.com\/index.php?rest_route=\/wp\/v2\/posts"}],"about":[{"href":"https:\/\/levangilealecran.com\/index.php?rest_route=\/wp\/v2\/types\/post"}],"author":[{"embeddable":true,"href":"https:\/\/levangilealecran.com\/index.php?rest_route=\/wp\/v2\/users\/2006"}],"replies":[{"embeddable":true,"href":"https:\/\/levangilealecran.com\/index.php?rest_route=%2Fwp%2Fv2%2Fcomments&post=1845"}],"version-history":[{"count":1,"href":"https:\/\/levangilealecran.com\/index.php?rest_route=\/wp\/v2\/posts\/1845\/revisions"}],"predecessor-version":[{"id":1846,"href":"https:\/\/levangilealecran.com\/index.php?rest_route=\/wp\/v2\/posts\/1845\/revisions\/1846"}],"wp:attachment":[{"href":"https:\/\/levangilealecran.com\/index.php?rest_route=%2Fwp%2Fv2%2Fmedia&parent=1845"}],"wp:term":[{"taxonomy":"category","embeddable":true,"href":"https:\/\/levangilealecran.com\/index.php?rest_route=%2Fwp%2Fv2%2Fcategories&post=1845"},{"taxonomy":"post_tag","embeddable":true,"href":"https:\/\/levangilealecran.com\/index.php?rest_route=%2Fwp%2Fv2%2Ftags&post=1845"}],"curies":[{"name":"wp","href":"https:\/\/api.w.org\/{rel}","templated":true}]}}