{"id":1834,"date":"2020-01-17T14:04:05","date_gmt":"2020-01-17T13:04:05","guid":{"rendered":"http:\/\/levangilealecran.com?p=1834"},"modified":"2020-01-17T14:04:05","modified_gmt":"2020-01-17T13:04:05","slug":"2e-dimanche-du-to-a","status":"publish","type":"post","link":"https:\/\/levangilealecran.com\/?p=1834","title":{"rendered":"2e dimanche du TO &#8211; A"},"content":{"rendered":"\n<blockquote class=\"wp-block-quote is-layout-flow wp-block-quote-is-layout-flow\"><p><br>\u00ab Voici l\u2019Agneau de Dieu, qui enl\u00e8ve le p\u00e9ch\u00e9 du monde \u00bb <\/p><cite>Jn 1, 29-34<\/cite><\/blockquote>\n\n\n\n<figure class=\"wp-block-image\"><img loading=\"lazy\" decoding=\"async\" width=\"539\" height=\"304\" src=\"http:\/\/levangilealecran.comwp-content\/uploads\/2020\/01\/ImageEvEcr2020_01_19-1.jpg\" alt=\"\" class=\"wp-image-1835\" srcset=\"https:\/\/levangilealecran.com\/wp-content\/uploads\/2020\/01\/ImageEvEcr2020_01_19-1.jpg 539w, https:\/\/levangilealecran.com\/wp-content\/uploads\/2020\/01\/ImageEvEcr2020_01_19-1-300x169.jpg 300w, https:\/\/levangilealecran.com\/wp-content\/uploads\/2020\/01\/ImageEvEcr2020_01_19-1-150x85.jpg 150w, https:\/\/levangilealecran.com\/wp-content\/uploads\/2020\/01\/ImageEvEcr2020_01_19-1-250x141.jpg 250w\" sizes=\"auto, (max-width: 539px) 100vw, 539px\" \/><\/figure>\n\n\n\n<p class=\"wp-block-paragraph\"><strong>> Le bapt\u00eame de J\u00e9sus est le lieu d\u2019une premi\u00e8re annonce \u00e0 tous de la mission et de la vocation du Christ. Cette annonce peut para\u00eetre encore voil\u00e9e pour beaucoup, pourtant Jean-Baptiste le dit d\u00e9j\u00e0 : ce fils Bien-aim\u00e9 de Dieu aura \u00e0 vivre la passion et c\u2019est par le sacrifice de la Croix qu\u2019il sauvera le monde de son p\u00e9ch\u00e9. Jean-Baptiste, disciple par excellence, d\u00e9signe le Sauveur qu\u2019il a annonc\u00e9 et s\u2019efface devant lui.\u00a0<\/strong><\/p>\n\n\n\n<p class=\"wp-block-paragraph\"><strong>Enlever le p\u00e9ch\u00e9 du monde, ce n\u2019est pas ais\u00e9 \u00e0 entendre, \u00e0 comprendre. Surtout quand on voit tout le p\u00e9ch\u00e9 qui habite encore notre monde. Et pourtant nous croyons que par la Croix J\u00e9sus nous en a d\u00e9livr\u00e9s. Notre horizon est celui de la saintet\u00e9 de Dieu. Notre p\u00e9ch\u00e9 n\u2019est plus une fatalit\u00e9<\/strong>.<\/p>\n\n\n\n<p class=\"wp-block-paragraph\"><strong>Cette agneau fait in\u00e9vitablement \u00e9cho \u00e0 la puret\u00e9, \u00e0 cette innocence qui seule peut vaincre le plus grand mal de mani\u00e8re tr\u00e8s myst\u00e9rieuse et pourtant tr\u00e8s limpide en Dieu.\u00a0<\/strong><\/p>\n\n\n\n<p class=\"wp-block-paragraph\"><strong>Que cette fragilit\u00e9 et cette clart\u00e9 de l\u2019Agneau puissent nous \u00e9clairer pour que, \u00e0 sa suite, nous nous d\u00e9fassions du p\u00e9ch\u00e9 qui nous encombre&#8230;<\/strong><\/p>\n","protected":false},"excerpt":{"rendered":"<p>\u00ab Voici l\u2019Agneau de Dieu, qui enl\u00e8ve le p\u00e9ch\u00e9 du monde \u00bb Jn 1, 29-34 > Le bapt\u00eame de J\u00e9sus est le lieu d\u2019une premi\u00e8re annonce \u00e0 tous de la mission et de la vocation du Christ. Cette annonce peut para\u00eetre encore voil\u00e9e pour beaucoup, pourtant Jean-Baptiste le dit d\u00e9j\u00e0 : ce fils Bien-aim\u00e9 de Dieu aura \u00e0 vivre la passion et c\u2019est par le sacrifice de la Croix qu\u2019il sauvera le monde de son p\u00e9ch\u00e9. Jean-Baptiste, disciple par excellence, d\u00e9signe le Sauveur qu\u2019il a annonc\u00e9 et s\u2019efface devant lui.\u00a0 Enlever le p\u00e9ch\u00e9 du monde, ce n\u2019est pas ais\u00e9 \u00e0 entendre, \u00e0 comprendre. Surtout quand on voit tout le p\u00e9ch\u00e9 \u2026 <a class=\"continue-reading-link\" href=\"https:\/\/levangilealecran.com\/?p=1834\"> Continue reading <span class=\"meta-nav\">&rarr; <\/span><\/a><\/p>\n","protected":false},"author":2006,"featured_media":0,"comment_status":"open","ping_status":"open","sticky":false,"template":"","format":"standard","meta":{"footnotes":""},"categories":[4,5],"tags":[717,68,169,470,718],"class_list":["post-1834","post","type-post","status-publish","format-standard","hentry","category-dimanche","category-jean","tag-agneau","tag-croix","tag-jean-baptiste","tag-peche","tag-saintete"],"_links":{"self":[{"href":"https:\/\/levangilealecran.com\/index.php?rest_route=\/wp\/v2\/posts\/1834","targetHints":{"allow":["GET"]}}],"collection":[{"href":"https:\/\/levangilealecran.com\/index.php?rest_route=\/wp\/v2\/posts"}],"about":[{"href":"https:\/\/levangilealecran.com\/index.php?rest_route=\/wp\/v2\/types\/post"}],"author":[{"embeddable":true,"href":"https:\/\/levangilealecran.com\/index.php?rest_route=\/wp\/v2\/users\/2006"}],"replies":[{"embeddable":true,"href":"https:\/\/levangilealecran.com\/index.php?rest_route=%2Fwp%2Fv2%2Fcomments&post=1834"}],"version-history":[{"count":1,"href":"https:\/\/levangilealecran.com\/index.php?rest_route=\/wp\/v2\/posts\/1834\/revisions"}],"predecessor-version":[{"id":1836,"href":"https:\/\/levangilealecran.com\/index.php?rest_route=\/wp\/v2\/posts\/1834\/revisions\/1836"}],"wp:attachment":[{"href":"https:\/\/levangilealecran.com\/index.php?rest_route=%2Fwp%2Fv2%2Fmedia&parent=1834"}],"wp:term":[{"taxonomy":"category","embeddable":true,"href":"https:\/\/levangilealecran.com\/index.php?rest_route=%2Fwp%2Fv2%2Fcategories&post=1834"},{"taxonomy":"post_tag","embeddable":true,"href":"https:\/\/levangilealecran.com\/index.php?rest_route=%2Fwp%2Fv2%2Ftags&post=1834"}],"curies":[{"name":"wp","href":"https:\/\/api.w.org\/{rel}","templated":true}]}}