{"id":1822,"date":"2020-01-03T08:30:20","date_gmt":"2020-01-03T07:30:20","guid":{"rendered":"http:\/\/levangilealecran.com?p=1822"},"modified":"2020-01-03T11:14:43","modified_gmt":"2020-01-03T10:14:43","slug":"dimanche-de-lepiphanie-a","status":"publish","type":"post","link":"https:\/\/levangilealecran.com\/?p=1822","title":{"rendered":"Dimanche de l&rsquo;Epiphanie &#8211; A"},"content":{"rendered":"\n<p class=\"wp-block-paragraph\">Matthieu 2,1-15<\/p>\n\n\n\n<figure class=\"wp-block-image\"><img loading=\"lazy\" decoding=\"async\" width=\"576\" height=\"1024\" src=\"http:\/\/levangilealecran.comwp-content\/uploads\/2020\/01\/ImageEvEcr2020_01_05-576x1024.jpg\" alt=\"\" class=\"wp-image-1831\" srcset=\"https:\/\/levangilealecran.com\/wp-content\/uploads\/2020\/01\/ImageEvEcr2020_01_05-576x1024.jpg 576w, https:\/\/levangilealecran.com\/wp-content\/uploads\/2020\/01\/ImageEvEcr2020_01_05-169x300.jpg 169w, https:\/\/levangilealecran.com\/wp-content\/uploads\/2020\/01\/ImageEvEcr2020_01_05-768x1366.jpg 768w, https:\/\/levangilealecran.com\/wp-content\/uploads\/2020\/01\/ImageEvEcr2020_01_05-600x1067.jpg 600w, https:\/\/levangilealecran.com\/wp-content\/uploads\/2020\/01\/ImageEvEcr2020_01_05-84x150.jpg 84w, https:\/\/levangilealecran.com\/wp-content\/uploads\/2020\/01\/ImageEvEcr2020_01_05.jpg 1133w\" sizes=\"auto, (max-width: 576px) 100vw, 576px\" \/><\/figure>\n\n\n\n<p class=\"wp-block-paragraph\"><strong>&gt; Dans ce r\u00e9cit, il y a le mouvement et l\u2019arr\u00eat.<br>Il y a la marche avec des escales, des pauses.<br>L\u2019\u00e9toile avance, puis s\u2019arr\u00eate.<br>Les sages suivent l\u2019\u00e9toile puis avec joie s\u2019arr\u00eatent et entrent dans la maison. Puis ils repartent en empruntant un autre chemin.<br>Joseph et Marie demeurent l\u00e0, puis ils se mettent en route pour partir pour l\u2019Egypte. L\u00e0, ils vont r\u00e9sider le temps qu\u2019il faut pour \u00eatre prot\u00e9g\u00e9s. Apr\u00e8s cela, ils vont repartir pour Nazareth.<br>En fait, personne ne reste vraiment sur place. Tout est en mouvement dans ce r\u00e9cit.<\/strong><\/p>\n\n\n\n<p class=\"wp-block-paragraph\"><strong>\u00ab L\u00e8ve-toi ! \u00bb dit l\u2019ange \u00e0 Joseph. Etymologiquement, ce mot signifie&nbsp;<br>\u00ab R\u00e9veille-toi ! Reviens \u00e0 la vie ! \u00bb Le mouvement qui na\u00eet \u00e0 No\u00ebl, chaque ann\u00e9e, n\u2019est-il pas l\u00e0 pour nous r\u00e9veiller ! Pour nous glisser \u00e0 l\u2019oreille \u00ab L\u00e8ve-toi ! \u00bb Ne reste pas sur place. Va. Cherche ton \u00e9toile ! Voil\u00e0 ce que nous vous souhaitons de meilleur pour 2020: le go\u00fbt d&rsquo;entretenir votre qu\u00eate &#8230;<\/strong><\/p>\n","protected":false},"excerpt":{"rendered":"<p>Matthieu 2,1-15 &gt; Dans ce r\u00e9cit, il y a le mouvement et l\u2019arr\u00eat.Il y a la marche avec des escales, des pauses.L\u2019\u00e9toile avance, puis s\u2019arr\u00eate.Les sages suivent l\u2019\u00e9toile puis avec joie s\u2019arr\u00eatent et entrent dans la maison. Puis ils repartent en empruntant un autre chemin.Joseph et Marie demeurent l\u00e0, puis ils se mettent en route pour partir pour l\u2019Egypte. L\u00e0, ils vont r\u00e9sider le temps qu\u2019il faut pour \u00eatre prot\u00e9g\u00e9s. Apr\u00e8s cela, ils vont repartir pour Nazareth.En fait, personne ne reste vraiment sur place. Tout est en mouvement dans ce r\u00e9cit. \u00ab L\u00e8ve-toi ! \u00bb dit l\u2019ange \u00e0 Joseph. Etymologiquement, ce mot signifie&nbsp;\u00ab R\u00e9veille-toi ! Reviens \u00e0 la vie ! \u2026 <a class=\"continue-reading-link\" href=\"https:\/\/levangilealecran.com\/?p=1822\"> Continue reading <span class=\"meta-nav\">&rarr; <\/span><\/a><\/p>\n","protected":false},"author":2006,"featured_media":0,"comment_status":"open","ping_status":"open","sticky":false,"template":"","format":"standard","meta":{"footnotes":""},"categories":[4,24,8,201],"tags":[354,261,435,714,52],"class_list":["post-1822","post","type-post","status-publish","format-standard","hentry","category-dimanche","category-fetes","category-matthieu","category-noel","tag-etoile","tag-mouvement","tag-noel","tag-quete","tag-vie"],"_links":{"self":[{"href":"https:\/\/levangilealecran.com\/index.php?rest_route=\/wp\/v2\/posts\/1822","targetHints":{"allow":["GET"]}}],"collection":[{"href":"https:\/\/levangilealecran.com\/index.php?rest_route=\/wp\/v2\/posts"}],"about":[{"href":"https:\/\/levangilealecran.com\/index.php?rest_route=\/wp\/v2\/types\/post"}],"author":[{"embeddable":true,"href":"https:\/\/levangilealecran.com\/index.php?rest_route=\/wp\/v2\/users\/2006"}],"replies":[{"embeddable":true,"href":"https:\/\/levangilealecran.com\/index.php?rest_route=%2Fwp%2Fv2%2Fcomments&post=1822"}],"version-history":[{"count":2,"href":"https:\/\/levangilealecran.com\/index.php?rest_route=\/wp\/v2\/posts\/1822\/revisions"}],"predecessor-version":[{"id":1832,"href":"https:\/\/levangilealecran.com\/index.php?rest_route=\/wp\/v2\/posts\/1822\/revisions\/1832"}],"wp:attachment":[{"href":"https:\/\/levangilealecran.com\/index.php?rest_route=%2Fwp%2Fv2%2Fmedia&parent=1822"}],"wp:term":[{"taxonomy":"category","embeddable":true,"href":"https:\/\/levangilealecran.com\/index.php?rest_route=%2Fwp%2Fv2%2Fcategories&post=1822"},{"taxonomy":"post_tag","embeddable":true,"href":"https:\/\/levangilealecran.com\/index.php?rest_route=%2Fwp%2Fv2%2Ftags&post=1822"}],"curies":[{"name":"wp","href":"https:\/\/api.w.org\/{rel}","templated":true}]}}