{"id":1818,"date":"2019-12-27T14:37:43","date_gmt":"2019-12-27T13:37:43","guid":{"rendered":"http:\/\/levangilealecran.com?p=1818"},"modified":"2019-12-27T14:37:43","modified_gmt":"2019-12-27T13:37:43","slug":"la-sainte-famille-annee-a","status":"publish","type":"post","link":"https:\/\/levangilealecran.com\/?p=1818","title":{"rendered":"La Sainte Famille \u2014 Ann\u00e9e A"},"content":{"rendered":"\n<blockquote class=\"wp-block-quote is-layout-flow wp-block-quote-is-layout-flow\"><p>L\u00e8ve-toi\u00a0; prends l\u2019enfant et sa m\u00e8re, et fuis &#8230; (Mathieu 2,13) <br>L\u00e8ve-toi\u00a0; prends l\u2019enfant et sa m\u00e8re, et pars &#8230; (Mathieu 2,20)<\/p><\/blockquote>\n\n\n\n<figure class=\"wp-block-image is-resized\"><img loading=\"lazy\" decoding=\"async\" src=\"http:\/\/levangilealecran.comwp-content\/uploads\/2019\/12\/20191229_Mt213.20-1024x1024.png\" alt=\"\" class=\"wp-image-1819\" width=\"300\" height=\"300\" srcset=\"https:\/\/levangilealecran.com\/wp-content\/uploads\/2019\/12\/20191229_Mt213.20-1024x1024.png 1024w, https:\/\/levangilealecran.com\/wp-content\/uploads\/2019\/12\/20191229_Mt213.20-150x150.png 150w, https:\/\/levangilealecran.com\/wp-content\/uploads\/2019\/12\/20191229_Mt213.20-300x300.png 300w, https:\/\/levangilealecran.com\/wp-content\/uploads\/2019\/12\/20191229_Mt213.20-768x768.png 768w, https:\/\/levangilealecran.com\/wp-content\/uploads\/2019\/12\/20191229_Mt213.20-600x600.png 600w, https:\/\/levangilealecran.com\/wp-content\/uploads\/2019\/12\/20191229_Mt213.20.png 1200w\" sizes=\"auto, (max-width: 300px) 100vw, 300px\" \/><figcaption>(R\u00e9fugi\u00e9s Rwandais 1994)<\/figcaption><\/figure>\n\n\n\n<p class=\"wp-block-paragraph\"><strong>> A peine n\u00e9 dans ce monde, apr\u00e8s la joie de No\u00ebl le Fils de Dieu  conna\u00eet la pers\u00e9cution par H\u00e9rode qui le fait rechercher pour le faire  p\u00e9rir.<br>Avec Joseph et Marie, J\u00e9sus est ballott\u00e9 sur les routes de  l\u2019exil vers l\u2019Egypte et partage le sort, d\u2019une existence pr\u00e9caire,  menac\u00e9e, humili\u00e9e, tragique de millions de r\u00e9fugi\u00e9s, d\u2019expuls\u00e9s chass\u00e9s  de leur maison par la brutalit\u00e9 des dirigeants et des soldats,<\/strong><\/p>\n\n\n\n<p class=\"wp-block-paragraph\"><strong>J\u00e9sus entre dans notre histoire humaine par la porte des faits divers tragiques  qui remplissent notre actualit\u00e9 avec les drames angoissants de tant  d\u2019immigrants, de r\u00e9fugi\u00e9s, de victimes de la violence de notre monde.<\/strong><\/p>\n\n\n\n<p class=\"wp-block-paragraph\"><strong>Au c\u0153ur de ce monde de rejet et d\u2019atrocit\u00e9s, Dieu a procur\u00e9 \u00e0 son Fils  un havre d&rsquo;accueil, une oasis de paix et de douceur : Marie, sa m\u00e8re, et  Joseph qui sera comme un p\u00e8re pour lui.  \u00a0\u00bb L\u00e8ve-toi, prends l&rsquo;enfant et  sa m\u00e8re, et fuis en \u00c9gypte\u00a0\u00bb. Joseph ne dit pas un seul mot. Il ne parle  pas&#8230; il agit. \u00ab Joseph se leva dans la nuit, il prit l&rsquo;enfant et sa  m\u00e8re et se dirigea vers l\u2019\u00c9gypte\u00bb.<\/strong><\/p>\n\n\n\n<p class=\"wp-block-paragraph\"><strong>L&rsquo;\u00e9glise Catholique f\u00eate ce  dimanche la Sainte Famille, mod\u00e8le de nos familles humaines et  spirituelles, qui a su prendre des risques s\u2019inscrivant dans  l\u2019esp\u00e9rance. Eclair\u00e9s par la lumi\u00e8re que l\u2019\u00e9toile de No\u00ebl a d\u00e9pos\u00e9 dans  nos c\u0153urs , pr\u00e9sentons au Seigneur Dieu tous les \u00ab d\u00e9plac\u00e9s \u00bb \u00e0  l\u2019int\u00e9rieur, tous les r\u00e9fugi\u00e9s \u00e0 l\u2019ext\u00e9rieur de la Syrie, de l\u2019Afrique   et dans le monde, accabl\u00e9s par la faim, le froid, l\u2019exil!<\/strong><\/p>\n\n\n\n<p class=\"wp-block-paragraph\"> <strong>>  Inspir\u00e9 par une pri\u00e8re du Pape Fran\u00e7ois \u00e0 la fin de la messe qu\u2019il a  c\u00e9l\u00e9br\u00e9e le dimanche 27 octobre 2013, prions pour que Dieu r\u00e9veille dans  notre soci\u00e9t\u00e9 la conscience du caract\u00e8re sacr\u00e9 et inviolable de la  famille, bien inestimable et irrempla\u00e7able. Que chaque famille soit une  demeure accueillante de bont\u00e9 et de paix pour les enfants et pour les  personnes \u00e2g\u00e9es, pour qui est malade et seul, pour qui est pauvre et  dans le besoin.<\/strong><\/p>\n\n\n\n<p class=\"wp-block-paragraph\"><em> \/\/Sources  Fr. Yves PERIER-MUZET fr\u00e8re de la sainte famille via un site de la communaut\u00e9 de Metz Hayange\/\/<\/em><\/p>\n","protected":false},"excerpt":{"rendered":"<p>L\u00e8ve-toi\u00a0; prends l\u2019enfant et sa m\u00e8re, et fuis &#8230; (Mathieu 2,13) L\u00e8ve-toi\u00a0; prends l\u2019enfant et sa m\u00e8re, et pars &#8230; (Mathieu 2,20) > A peine n\u00e9 dans ce monde, apr\u00e8s la joie de No\u00ebl le Fils de Dieu conna\u00eet la pers\u00e9cution par H\u00e9rode qui le fait rechercher pour le faire p\u00e9rir.Avec Joseph et Marie, J\u00e9sus est ballott\u00e9 sur les routes de l\u2019exil vers l\u2019Egypte et partage le sort, d\u2019une existence pr\u00e9caire, menac\u00e9e, humili\u00e9e, tragique de millions de r\u00e9fugi\u00e9s, d\u2019expuls\u00e9s chass\u00e9s de leur maison par la brutalit\u00e9 des dirigeants et des soldats, J\u00e9sus entre dans notre histoire humaine par la porte des faits divers tragiques qui remplissent notre actualit\u00e9 avec les \u2026 <a class=\"continue-reading-link\" href=\"https:\/\/levangilealecran.com\/?p=1818\"> Continue reading <span class=\"meta-nav\">&rarr; <\/span><\/a><\/p>\n","protected":false},"author":2006,"featured_media":0,"comment_status":"open","ping_status":"open","sticky":false,"template":"","format":"standard","meta":{"footnotes":""},"categories":[1],"tags":[],"class_list":["post-1818","post","type-post","status-publish","format-standard","hentry","category-sanscategorie"],"_links":{"self":[{"href":"https:\/\/levangilealecran.com\/index.php?rest_route=\/wp\/v2\/posts\/1818","targetHints":{"allow":["GET"]}}],"collection":[{"href":"https:\/\/levangilealecran.com\/index.php?rest_route=\/wp\/v2\/posts"}],"about":[{"href":"https:\/\/levangilealecran.com\/index.php?rest_route=\/wp\/v2\/types\/post"}],"author":[{"embeddable":true,"href":"https:\/\/levangilealecran.com\/index.php?rest_route=\/wp\/v2\/users\/2006"}],"replies":[{"embeddable":true,"href":"https:\/\/levangilealecran.com\/index.php?rest_route=%2Fwp%2Fv2%2Fcomments&post=1818"}],"version-history":[{"count":1,"href":"https:\/\/levangilealecran.com\/index.php?rest_route=\/wp\/v2\/posts\/1818\/revisions"}],"predecessor-version":[{"id":1820,"href":"https:\/\/levangilealecran.com\/index.php?rest_route=\/wp\/v2\/posts\/1818\/revisions\/1820"}],"wp:attachment":[{"href":"https:\/\/levangilealecran.com\/index.php?rest_route=%2Fwp%2Fv2%2Fmedia&parent=1818"}],"wp:term":[{"taxonomy":"category","embeddable":true,"href":"https:\/\/levangilealecran.com\/index.php?rest_route=%2Fwp%2Fv2%2Fcategories&post=1818"},{"taxonomy":"post_tag","embeddable":true,"href":"https:\/\/levangilealecran.com\/index.php?rest_route=%2Fwp%2Fv2%2Ftags&post=1818"}],"curies":[{"name":"wp","href":"https:\/\/api.w.org\/{rel}","templated":true}]}}