{"id":1812,"date":"2019-12-20T09:37:28","date_gmt":"2019-12-20T08:37:28","guid":{"rendered":"http:\/\/levangilealecran.com?p=1812"},"modified":"2019-12-20T09:37:28","modified_gmt":"2019-12-20T08:37:28","slug":"4e-dimanche-de-lavent-annee-a","status":"publish","type":"post","link":"https:\/\/levangilealecran.com\/?p=1812","title":{"rendered":"4e dimanche de l\u2019Avent \u2013 ann\u00e9e A"},"content":{"rendered":"\n<p class=\"wp-block-paragraph\"><\/p>\n\n\n\n<blockquote class=\"wp-block-quote is-layout-flow wp-block-quote-is-layout-flow\"><p>\u00ab\u00a0Quand Joseph se r\u00e9veilla, il fit ce que l&rsquo;ange du Seigneur lui avait prescrit : il prit chez lui son \u00e9pouse\u00a0\u00bb <\/p><cite>Matthieu 1, 18-24<\/cite><\/blockquote>\n\n\n\n<p class=\"wp-block-paragraph\"><strong>> Pour la m\u00e9diation de l&rsquo;\u00e9vangile de ce dimanche, nous vous proposons un format podcast r\u00e9alis\u00e9 par Parole et Silence et qui nous met \u00e0 la place de Joseph.<\/strong><\/p>\n\n\n\n<p class=\"wp-block-paragraph\"><a href=\"https:\/\/paroleetsilence.lepodcast.fr\/fenetre-davent-joseph?fbclid=IwAR3U8AgkR8VLQ6ZqY3JPKAcipObp_pNd-xdXlwmuysBevifQGgq4GAvcqP0\">https:\/\/paroleetsilence.lepodcast.fr\/fenetre-davent-joseph?fbclid=IwAR3U8AgkR8VLQ6ZqY3JPKAcipObp_pNd-xdXlwmuysBevifQGgq4GAvcqP0<\/a><\/p>\n\n\n\n<p class=\"wp-block-paragraph\"><strong>Joyeux No\u00ebl \u00e0 tous !<\/strong><\/p>\n\n\n\n<p class=\"wp-block-paragraph\"><\/p>\n","protected":false},"excerpt":{"rendered":"<p>\u00ab\u00a0Quand Joseph se r\u00e9veilla, il fit ce que l&rsquo;ange du Seigneur lui avait prescrit : il prit chez lui son \u00e9pouse\u00a0\u00bb Matthieu 1, 18-24 > Pour la m\u00e9diation de l&rsquo;\u00e9vangile de ce dimanche, nous vous proposons un format podcast r\u00e9alis\u00e9 par Parole et Silence et qui nous met \u00e0 la place de Joseph. https:\/\/paroleetsilence.lepodcast.fr\/fenetre-davent-joseph?fbclid=IwAR3U8AgkR8VLQ6ZqY3JPKAcipObp_pNd-xdXlwmuysBevifQGgq4GAvcqP0 Joyeux No\u00ebl \u00e0 tous !<\/p>\n","protected":false},"author":2006,"featured_media":0,"comment_status":"open","ping_status":"open","sticky":false,"template":"","format":"standard","meta":{"footnotes":""},"categories":[147,8],"tags":[16,71,713,38,712,21,325,13],"class_list":["post-1812","post","type-post","status-publish","format-standard","hentry","category-avent-2","category-matthieu","tag-amour","tag-attente","tag-enfanter","tag-jesus","tag-joseph","tag-marie","tag-mystere","tag-sauveur"],"_links":{"self":[{"href":"https:\/\/levangilealecran.com\/index.php?rest_route=\/wp\/v2\/posts\/1812","targetHints":{"allow":["GET"]}}],"collection":[{"href":"https:\/\/levangilealecran.com\/index.php?rest_route=\/wp\/v2\/posts"}],"about":[{"href":"https:\/\/levangilealecran.com\/index.php?rest_route=\/wp\/v2\/types\/post"}],"author":[{"embeddable":true,"href":"https:\/\/levangilealecran.com\/index.php?rest_route=\/wp\/v2\/users\/2006"}],"replies":[{"embeddable":true,"href":"https:\/\/levangilealecran.com\/index.php?rest_route=%2Fwp%2Fv2%2Fcomments&post=1812"}],"version-history":[{"count":1,"href":"https:\/\/levangilealecran.com\/index.php?rest_route=\/wp\/v2\/posts\/1812\/revisions"}],"predecessor-version":[{"id":1814,"href":"https:\/\/levangilealecran.com\/index.php?rest_route=\/wp\/v2\/posts\/1812\/revisions\/1814"}],"wp:attachment":[{"href":"https:\/\/levangilealecran.com\/index.php?rest_route=%2Fwp%2Fv2%2Fmedia&parent=1812"}],"wp:term":[{"taxonomy":"category","embeddable":true,"href":"https:\/\/levangilealecran.com\/index.php?rest_route=%2Fwp%2Fv2%2Fcategories&post=1812"},{"taxonomy":"post_tag","embeddable":true,"href":"https:\/\/levangilealecran.com\/index.php?rest_route=%2Fwp%2Fv2%2Ftags&post=1812"}],"curies":[{"name":"wp","href":"https:\/\/api.w.org\/{rel}","templated":true}]}}