{"id":1810,"date":"2019-12-25T08:00:56","date_gmt":"2019-12-25T07:00:56","guid":{"rendered":"http:\/\/levangilealecran.com?p=1810"},"modified":"2019-12-25T16:26:46","modified_gmt":"2019-12-25T15:26:46","slug":"nativite-du-seigneur-a","status":"publish","type":"post","link":"https:\/\/levangilealecran.com\/?p=1810","title":{"rendered":"Nativit\u00e9 du Seigneur &#8211; A"},"content":{"rendered":"\n<blockquote class=\"wp-block-quote is-layout-flow wp-block-quote-is-layout-flow\"><p><em>\u00ab&nbsp;En lui \u00e9tait la vie et la vie \u00e9tait la lumi\u00e8re des hommes,.&nbsp;\u00bb <\/em><\/p><cite><em>(Jean 1, 4)<\/em><\/cite><\/blockquote>\n\n\n\n<figure class=\"wp-block-image\"><img loading=\"lazy\" decoding=\"async\" width=\"600\" height=\"600\" src=\"http:\/\/levangilealecran.comwp-content\/uploads\/2019\/12\/ImageEvEcr2019_12_25.jpg\" alt=\"\" class=\"wp-image-1816\" srcset=\"https:\/\/levangilealecran.com\/wp-content\/uploads\/2019\/12\/ImageEvEcr2019_12_25.jpg 600w, https:\/\/levangilealecran.com\/wp-content\/uploads\/2019\/12\/ImageEvEcr2019_12_25-150x150.jpg 150w, https:\/\/levangilealecran.com\/wp-content\/uploads\/2019\/12\/ImageEvEcr2019_12_25-300x300.jpg 300w\" sizes=\"auto, (max-width: 600px) 100vw, 600px\" \/><\/figure>\n\n\n\n<p class=\"wp-block-paragraph\"><strong>&gt; No\u00ebl, c\u2019est l\u2019esp\u00e9rance qui na\u00eet dans le coeur des humains. F\u00eater No\u00ebl, c\u2019est se r\u00e9unir pour se souvenir de cela. Une esp\u00e9rance qui a un visage. Comme toutes les naissances ont un visage. Une esp\u00e9rance qui s\u2019incarne. Comme toutes les naissances s\u2019incarnent dans la vie et dans nos vies. Une esp\u00e9rance qui nous d\u00e9passe. Comme toutes les naissances nous d\u00e9passent: elles viennent de plus loin que nous.<\/strong><\/p>\n\n\n\n<p class=\"wp-block-paragraph\"><strong>La vie du Christ a port\u00e9 dans sa chair l\u2019esp\u00e9rance. Malgr\u00e9 la destruction, malgr\u00e9 le mal et la mort, malgr\u00e9 l\u2019injustice et la souffrance, J\u00e9sus a v\u00e9cu une humanit\u00e9 qui a montr\u00e9 aux femmes et aux hommes comment na\u00eetre en humanit\u00e9. Il n\u2019a pas fait dispara\u00eetre la nuit, mais en faisant briller sa lumi\u00e8re, il a fait reculer les t\u00e9n\u00e9bres. Et cela a tout chang\u00e9, car d\u00e9sormais, la mort ne peut plus vaincre et \u00e9teindre en nous l\u2019esp\u00e9rance.<\/strong><\/p>\n\n\n\n<p class=\"wp-block-paragraph\"><strong>A No\u00ebl, dans cette naissance particuli\u00e8re, Dieu lui-m\u00eame se donne \u00e0 conna\u00eetre. Et il nous invite \u00e0 l\u2019accueillir en nous, \u00e0 le faire na\u00eetre en nous. Ce ne sera gu\u00e8re plus qu\u2019une vie fragile qui appara\u00eet au fond de la nuit, mais cela changera tout. Car lorsque l\u2019esp\u00e9rance na\u00eet dans le coeur humain, c\u2019est une lumi\u00e8re qui perce la nuit et indique un chemin. Alors la route devient possible. Alors la vie devient possible.<\/strong><\/p>\n","protected":false},"excerpt":{"rendered":"<p>\u00ab&nbsp;En lui \u00e9tait la vie et la vie \u00e9tait la lumi\u00e8re des hommes,.&nbsp;\u00bb (Jean 1, 4) &gt; No\u00ebl, c\u2019est l\u2019esp\u00e9rance qui na\u00eet dans le coeur des humains. F\u00eater No\u00ebl, c\u2019est se r\u00e9unir pour se souvenir de cela. Une esp\u00e9rance qui a un visage. Comme toutes les naissances ont un visage. Une esp\u00e9rance qui s\u2019incarne. Comme toutes les naissances s\u2019incarnent dans la vie et dans nos vies. Une esp\u00e9rance qui nous d\u00e9passe. Comme toutes les naissances nous d\u00e9passent: elles viennent de plus loin que nous. La vie du Christ a port\u00e9 dans sa chair l\u2019esp\u00e9rance. Malgr\u00e9 la destruction, malgr\u00e9 le mal et la mort, malgr\u00e9 l\u2019injustice et la souffrance, J\u00e9sus a \u2026 <a class=\"continue-reading-link\" href=\"https:\/\/levangilealecran.com\/?p=1810\"> Continue reading <span class=\"meta-nav\">&rarr; <\/span><\/a><\/p>\n","protected":false},"author":2006,"featured_media":0,"comment_status":"open","ping_status":"open","sticky":false,"template":"","format":"standard","meta":{"footnotes":""},"categories":[24,201],"tags":[66,50,711,222,237,435],"class_list":["post-1810","post","type-post","status-publish","format-standard","hentry","category-fetes","category-noel","tag-accueillir","tag-esperance","tag-humanite","tag-incarnation","tag-lumiere","tag-noel"],"_links":{"self":[{"href":"https:\/\/levangilealecran.com\/index.php?rest_route=\/wp\/v2\/posts\/1810","targetHints":{"allow":["GET"]}}],"collection":[{"href":"https:\/\/levangilealecran.com\/index.php?rest_route=\/wp\/v2\/posts"}],"about":[{"href":"https:\/\/levangilealecran.com\/index.php?rest_route=\/wp\/v2\/types\/post"}],"author":[{"embeddable":true,"href":"https:\/\/levangilealecran.com\/index.php?rest_route=\/wp\/v2\/users\/2006"}],"replies":[{"embeddable":true,"href":"https:\/\/levangilealecran.com\/index.php?rest_route=%2Fwp%2Fv2%2Fcomments&post=1810"}],"version-history":[{"count":2,"href":"https:\/\/levangilealecran.com\/index.php?rest_route=\/wp\/v2\/posts\/1810\/revisions"}],"predecessor-version":[{"id":1817,"href":"https:\/\/levangilealecran.com\/index.php?rest_route=\/wp\/v2\/posts\/1810\/revisions\/1817"}],"wp:attachment":[{"href":"https:\/\/levangilealecran.com\/index.php?rest_route=%2Fwp%2Fv2%2Fmedia&parent=1810"}],"wp:term":[{"taxonomy":"category","embeddable":true,"href":"https:\/\/levangilealecran.com\/index.php?rest_route=%2Fwp%2Fv2%2Fcategories&post=1810"},{"taxonomy":"post_tag","embeddable":true,"href":"https:\/\/levangilealecran.com\/index.php?rest_route=%2Fwp%2Fv2%2Ftags&post=1810"}],"curies":[{"name":"wp","href":"https:\/\/api.w.org\/{rel}","templated":true}]}}