{"id":1806,"date":"2019-12-13T09:04:17","date_gmt":"2019-12-13T08:04:17","guid":{"rendered":"http:\/\/levangilealecran.com?p=1806"},"modified":"2019-12-13T09:04:17","modified_gmt":"2019-12-13T08:04:17","slug":"3e-dimanche-de-lavent-annee-a","status":"publish","type":"post","link":"https:\/\/levangilealecran.com\/?p=1806","title":{"rendered":"3e dimanche de l\u2019Avent \u2013 ann\u00e9e A"},"content":{"rendered":"\n<blockquote class=\"wp-block-quote is-layout-flow wp-block-quote-is-layout-flow\"><p>\u00ab Es-tu celui qui doit venir, ou devons-nous en attendre un autre ? \u00bb <\/p><cite>(Mt 11,3)<\/cite><\/blockquote>\n\n\n\n<figure class=\"wp-block-image\"><img loading=\"lazy\" decoding=\"async\" width=\"960\" height=\"485\" src=\"http:\/\/levangilealecran.comwp-content\/uploads\/2019\/12\/ImageEvEcr2019_12_13.jpg\" alt=\"\" class=\"wp-image-1808\" srcset=\"https:\/\/levangilealecran.com\/wp-content\/uploads\/2019\/12\/ImageEvEcr2019_12_13.jpg 960w, https:\/\/levangilealecran.com\/wp-content\/uploads\/2019\/12\/ImageEvEcr2019_12_13-300x152.jpg 300w, https:\/\/levangilealecran.com\/wp-content\/uploads\/2019\/12\/ImageEvEcr2019_12_13-768x388.jpg 768w, https:\/\/levangilealecran.com\/wp-content\/uploads\/2019\/12\/ImageEvEcr2019_12_13-600x303.jpg 600w, https:\/\/levangilealecran.com\/wp-content\/uploads\/2019\/12\/ImageEvEcr2019_12_13-150x76.jpg 150w, https:\/\/levangilealecran.com\/wp-content\/uploads\/2019\/12\/ImageEvEcr2019_12_13-250x126.jpg 250w\" sizes=\"auto, (max-width: 960px) 100vw, 960px\" \/><\/figure>\n\n\n\n<p class=\"wp-block-paragraph\"><strong>> Les disciples de Jean-Baptiste posent la question \u00e0 J\u00e9sus pour en avoir le c\u0153ur net&#8230; Mais ils ne sont pas les seuls ! Est-ce qu\u2019il ne nous arrive pas parfois de nous poser la m\u00eame question lorsque nous sommes \u00e0 bout, que nous d\u00e9sesp\u00e9rons ? Ou peut-\u00eatre aussi sommes-nous parfois tent\u00e9s de nous tourner vers toutes sortes d\u2019illusion de salut\u2026<\/strong><\/p>\n\n\n\n<p class=\"wp-block-paragraph\"><strong>Et voil\u00e0 que dans quelques jours nous f\u00eaterons No\u00ebl, la venue du Messie. C\u2019est l\u2019occasion de nous redemander si nous sommes r\u00e9ellement conscients que c\u2019est Dieu que nous allons accueillir dans la cr\u00e8che.<\/strong><\/p>\n\n\n\n<p class=\"wp-block-paragraph\"><strong>Et si nous sommes h\u00e9sitants, gardons alors la suite de ce verset : \u00ab Amen, je vous le dis, parmi ceux qui sont n\u00e9s d\u2019une femme, personne ne s\u2019est lev\u00e9 de plus grand que Jean le Baptiste ; et cependant le plus petit dans le Royaume des Cieux est plus grand que lui \u00bb. Voici que J\u00e9sus nous fait toucher du doigt le c\u0153ur de Dieu\u2026 Agenouillons-nous \u00e0 ses c\u00f4t\u00e9s\u2026<\/strong><\/p>\n","protected":false},"excerpt":{"rendered":"<p>\u00ab Es-tu celui qui doit venir, ou devons-nous en attendre un autre ? \u00bb (Mt 11,3) > Les disciples de Jean-Baptiste posent la question \u00e0 J\u00e9sus pour en avoir le c\u0153ur net&#8230; Mais ils ne sont pas les seuls ! Est-ce qu\u2019il ne nous arrive pas parfois de nous poser la m\u00eame question lorsque nous sommes \u00e0 bout, que nous d\u00e9sesp\u00e9rons ? Ou peut-\u00eatre aussi sommes-nous parfois tent\u00e9s de nous tourner vers toutes sortes d\u2019illusion de salut\u2026 Et voil\u00e0 que dans quelques jours nous f\u00eaterons No\u00ebl, la venue du Messie. C\u2019est l\u2019occasion de nous redemander si nous sommes r\u00e9ellement conscients que c\u2019est Dieu que nous allons accueillir dans la cr\u00e8che. \u2026 <a class=\"continue-reading-link\" href=\"https:\/\/levangilealecran.com\/?p=1806\"> Continue reading <span class=\"meta-nav\">&rarr; <\/span><\/a><\/p>\n","protected":false},"author":2006,"featured_media":0,"comment_status":"open","ping_status":"open","sticky":false,"template":"","format":"standard","meta":{"footnotes":""},"categories":[147,8],"tags":[18,709,62,435,175],"class_list":["post-1806","post","type-post","status-publish","format-standard","hentry","category-avent-2","category-matthieu","tag-avent","tag-deespoir","tag-dieu","tag-noel","tag-royaume"],"_links":{"self":[{"href":"https:\/\/levangilealecran.com\/index.php?rest_route=\/wp\/v2\/posts\/1806","targetHints":{"allow":["GET"]}}],"collection":[{"href":"https:\/\/levangilealecran.com\/index.php?rest_route=\/wp\/v2\/posts"}],"about":[{"href":"https:\/\/levangilealecran.com\/index.php?rest_route=\/wp\/v2\/types\/post"}],"author":[{"embeddable":true,"href":"https:\/\/levangilealecran.com\/index.php?rest_route=\/wp\/v2\/users\/2006"}],"replies":[{"embeddable":true,"href":"https:\/\/levangilealecran.com\/index.php?rest_route=%2Fwp%2Fv2%2Fcomments&post=1806"}],"version-history":[{"count":1,"href":"https:\/\/levangilealecran.com\/index.php?rest_route=\/wp\/v2\/posts\/1806\/revisions"}],"predecessor-version":[{"id":1809,"href":"https:\/\/levangilealecran.com\/index.php?rest_route=\/wp\/v2\/posts\/1806\/revisions\/1809"}],"wp:attachment":[{"href":"https:\/\/levangilealecran.com\/index.php?rest_route=%2Fwp%2Fv2%2Fmedia&parent=1806"}],"wp:term":[{"taxonomy":"category","embeddable":true,"href":"https:\/\/levangilealecran.com\/index.php?rest_route=%2Fwp%2Fv2%2Fcategories&post=1806"},{"taxonomy":"post_tag","embeddable":true,"href":"https:\/\/levangilealecran.com\/index.php?rest_route=%2Fwp%2Fv2%2Ftags&post=1806"}],"curies":[{"name":"wp","href":"https:\/\/api.w.org\/{rel}","templated":true}]}}