{"id":1802,"date":"2019-11-29T16:52:21","date_gmt":"2019-11-29T15:52:21","guid":{"rendered":"http:\/\/levangilealecran.com?p=1802"},"modified":"2019-11-29T16:53:24","modified_gmt":"2019-11-29T15:53:24","slug":"1er-dimanche-de-lavent-annee-a","status":"publish","type":"post","link":"https:\/\/levangilealecran.com\/?p=1802","title":{"rendered":"1er dimanche de l&rsquo;Avent &#8211; ann\u00e9e A"},"content":{"rendered":"\n<blockquote class=\"wp-block-quote is-layout-flow wp-block-quote-is-layout-flow\"><p>\u00ab\u00a0Si le ma\u00eetre de la maison savait \u00e0 quelle heure de la nuit le voleur doit venir, il veillerait et ne permettrait pas qu&rsquo;on fracture la maison\u00a0\u00bb<\/p><cite>Mt 24.43<\/cite><\/blockquote>\n\n\n\n<p class=\"wp-block-paragraph\"><strong>> On ne peut pas dire qu&rsquo;on passe notre temps \u00e0 se tenir aux aguets pour le retour du Christ! Du temps de No\u00e9 d\u00e9j\u00e0, on mangeait et on buvait sans trop s&rsquo;inqui\u00e9ter de l&rsquo;imminence du d\u00e9luge&#8230; Aujourd&rsquo;hui, oui, une Greta Thunberg arrive \u00e0 faire prendre conscience \u00e0 beaucoup d&rsquo;une urgence, mais s&rsquo;agit-il bien de la m\u00eame incitation \u00e0 \u00ab\u00a0veiller\u00a0\u00bb?<\/strong><\/p>\n\n\n\n<p class=\"wp-block-paragraph\"><strong>Nous ne sommes pas des animaux condamn\u00e9s \u00e0 chasser pour survivre, c&rsquo;est pourquoi Dieu nous choisit comme vis-\u00e0-vis pour participer \u00e0 la Vie et veiller avec Lui en nous nourrissant de chaque signe de sa Pr\u00e9sence et en combattant ce qui viendrait menacer l&rsquo;int\u00e9grit\u00e9 de notre maison: les distractions qui me font manquer la cible, la tentation de l&rsquo;indiff\u00e9rence, l&rsquo;ego qui me met des \u0153ill\u00e8res&#8230;<\/strong><\/p>\n\n\n\n<p class=\"wp-block-paragraph\"><strong>Dans les h\u00f4pitaux o\u00f9 je travaille, les veilles de nuit sollicitent les soignants; c&rsquo;est la nuit que le personnel est plus r\u00e9duit et que les infirmi\u00e8res ont plus de responsabilit\u00e9s. Parfois, il y a des malades qui vont moins bien, des situations d&rsquo;urgence, la mort aussi&#8230; Les infirmi\u00e8res ne se reposent pas, c&rsquo;est le temps de toutes les menaces, il faut redoubler d&rsquo;attention. Voil\u00e0 un bel exemple d&rsquo;attitude que nous pouvons avoir dans l&rsquo;attente du retour du Christ: \u00eatre attentifs \u00e0 chacun autour de nous.<\/strong><\/p>\n\n\n\n<p class=\"wp-block-paragraph\"><strong>\u00ab\u00a0Pour ce temps de l&rsquo;Avent qui s&rsquo;ouvre devant nous, Seigneur<br>veillons \u00e0 chaque instant \u00e0 laisser ta venue nous remettre au monde\u00a0\u00bb<br>Amen<\/strong><\/p>\n","protected":false},"excerpt":{"rendered":"<p>\u00ab\u00a0Si le ma\u00eetre de la maison savait \u00e0 quelle heure de la nuit le voleur doit venir, il veillerait et ne permettrait pas qu&rsquo;on fracture la maison\u00a0\u00bb Mt 24.43 > On ne peut pas dire qu&rsquo;on passe notre temps \u00e0 se tenir aux aguets pour le retour du Christ! Du temps de No\u00e9 d\u00e9j\u00e0, on mangeait et on buvait sans trop s&rsquo;inqui\u00e9ter de l&rsquo;imminence du d\u00e9luge&#8230; Aujourd&rsquo;hui, oui, une Greta Thunberg arrive \u00e0 faire prendre conscience \u00e0 beaucoup d&rsquo;une urgence, mais s&rsquo;agit-il bien de la m\u00eame incitation \u00e0 \u00ab\u00a0veiller\u00a0\u00bb? Nous ne sommes pas des animaux condamn\u00e9s \u00e0 chasser pour survivre, c&rsquo;est pourquoi Dieu nous choisit comme vis-\u00e0-vis pour participer \u00e0 \u2026 <a class=\"continue-reading-link\" href=\"https:\/\/levangilealecran.com\/?p=1802\"> Continue reading <span class=\"meta-nav\">&rarr; <\/span><\/a><\/p>\n","protected":false},"author":2006,"featured_media":0,"comment_status":"open","ping_status":"open","sticky":false,"template":"","format":"standard","meta":{"footnotes":""},"categories":[147,8],"tags":[150],"class_list":["post-1802","post","type-post","status-publish","format-standard","hentry","category-avent-2","category-matthieu","tag-veiller"],"_links":{"self":[{"href":"https:\/\/levangilealecran.com\/index.php?rest_route=\/wp\/v2\/posts\/1802","targetHints":{"allow":["GET"]}}],"collection":[{"href":"https:\/\/levangilealecran.com\/index.php?rest_route=\/wp\/v2\/posts"}],"about":[{"href":"https:\/\/levangilealecran.com\/index.php?rest_route=\/wp\/v2\/types\/post"}],"author":[{"embeddable":true,"href":"https:\/\/levangilealecran.com\/index.php?rest_route=\/wp\/v2\/users\/2006"}],"replies":[{"embeddable":true,"href":"https:\/\/levangilealecran.com\/index.php?rest_route=%2Fwp%2Fv2%2Fcomments&post=1802"}],"version-history":[{"count":2,"href":"https:\/\/levangilealecran.com\/index.php?rest_route=\/wp\/v2\/posts\/1802\/revisions"}],"predecessor-version":[{"id":1804,"href":"https:\/\/levangilealecran.com\/index.php?rest_route=\/wp\/v2\/posts\/1802\/revisions\/1804"}],"wp:attachment":[{"href":"https:\/\/levangilealecran.com\/index.php?rest_route=%2Fwp%2Fv2%2Fmedia&parent=1802"}],"wp:term":[{"taxonomy":"category","embeddable":true,"href":"https:\/\/levangilealecran.com\/index.php?rest_route=%2Fwp%2Fv2%2Fcategories&post=1802"},{"taxonomy":"post_tag","embeddable":true,"href":"https:\/\/levangilealecran.com\/index.php?rest_route=%2Fwp%2Fv2%2Ftags&post=1802"}],"curies":[{"name":"wp","href":"https:\/\/api.w.org\/{rel}","templated":true}]}}