{"id":1790,"date":"2019-11-22T08:00:30","date_gmt":"2019-11-22T07:00:30","guid":{"rendered":"http:\/\/levangilealecran.com?p=1790"},"modified":"2019-11-21T22:59:29","modified_gmt":"2019-11-21T21:59:29","slug":"notre-seigneur-jesus-christ-roi-de-lunivers-annee-c","status":"publish","type":"post","link":"https:\/\/levangilealecran.com\/?p=1790","title":{"rendered":"Notre Seigneur J\u00e9sus Christ Roi de l&rsquo;Univers \u2013 Ann\u00e9e C"},"content":{"rendered":"\n<blockquote class=\"wp-block-quote is-layout-flow wp-block-quote-is-layout-flow\"><p>\u00ab J\u00e9sus, souviens-toi de moi quand tu viendras dans ton Royaume. \u00bb <\/p><cite> (Luc 23, 42) <\/cite><\/blockquote>\n\n\n\n<figure class=\"wp-block-image\"><img loading=\"lazy\" decoding=\"async\" width=\"1024\" height=\"1024\" src=\"http:\/\/levangilealecran.comwp-content\/uploads\/2019\/11\/20191124_Lc2342-1-1024x1024.png\" alt=\"\" class=\"wp-image-1793\" srcset=\"https:\/\/levangilealecran.com\/wp-content\/uploads\/2019\/11\/20191124_Lc2342-1-1024x1024.png 1024w, https:\/\/levangilealecran.com\/wp-content\/uploads\/2019\/11\/20191124_Lc2342-1-150x150.png 150w, https:\/\/levangilealecran.com\/wp-content\/uploads\/2019\/11\/20191124_Lc2342-1-300x300.png 300w, https:\/\/levangilealecran.com\/wp-content\/uploads\/2019\/11\/20191124_Lc2342-1-768x768.png 768w, https:\/\/levangilealecran.com\/wp-content\/uploads\/2019\/11\/20191124_Lc2342-1-600x600.png 600w, https:\/\/levangilealecran.com\/wp-content\/uploads\/2019\/11\/20191124_Lc2342-1.png 1200w\" sizes=\"auto, (max-width: 1024px) 100vw, 1024px\" \/><\/figure>\n\n\n\n<p class=\"wp-block-paragraph\"> <strong>>Le premier humain \u00e0 \u00eatre sauv\u00e9 par J\u00e9sus est un condamn\u00e9, un malfaiteur!<br>  Bien qu&rsquo;il soit suspendu \u00e0 la croix, humili\u00e9, bless\u00e9, agonisant, et que  tous le provoque en lui disant de \u00ab\u00a0se sauver soi-m\u00eame\u00a0\u00bb J\u00e9sus va  jusqu&rsquo;au bout du don. Il va promettre \u00e0 son compagnon de sort d&rsquo;\u00eatre  avec lui aujourd&rsquo;hui dans le Paradis !<br> Aujourd&rsquo;hui ! Pas demain ou apr\u00e8s une longue repentance.<\/strong><\/p>\n\n\n\n<p class=\"wp-block-paragraph\"><strong> > Nous ne connaissons \u00e9videmment pas la totalit\u00e9 du myst\u00e8re du  pardon et du salut, mais l&rsquo;Evangile de cette semaine rassure. Il nous  montre \u00e0 quel point le Seigneur par J\u00e9sus Christ nous rejoint dans les  plus profondes blessures et d\u00e9rives. Que nous puissions prendre  conscience du don parfais qu&rsquo;Il nous fait, demandons-lui aussi en pri\u00e8re  de se souvenir de nous et pr\u00e9parons nous en reconnaissant nos fautes.  Soyez b\u00e9nis !<\/strong><\/p>\n","protected":false},"excerpt":{"rendered":"<p>\u00ab J\u00e9sus, souviens-toi de moi quand tu viendras dans ton Royaume. \u00bb (Luc 23, 42) >Le premier humain \u00e0 \u00eatre sauv\u00e9 par J\u00e9sus est un condamn\u00e9, un malfaiteur! Bien qu&rsquo;il soit suspendu \u00e0 la croix, humili\u00e9, bless\u00e9, agonisant, et que tous le provoque en lui disant de \u00ab\u00a0se sauver soi-m\u00eame\u00a0\u00bb J\u00e9sus va jusqu&rsquo;au bout du don. Il va promettre \u00e0 son compagnon de sort d&rsquo;\u00eatre avec lui aujourd&rsquo;hui dans le Paradis ! Aujourd&rsquo;hui ! Pas demain ou apr\u00e8s une longue repentance. > Nous ne connaissons \u00e9videmment pas la totalit\u00e9 du myst\u00e8re du pardon et du salut, mais l&rsquo;Evangile de cette semaine rassure. Il nous montre \u00e0 quel point le Seigneur \u2026 <a class=\"continue-reading-link\" href=\"https:\/\/levangilealecran.com\/?p=1790\"> Continue reading <span class=\"meta-nav\">&rarr; <\/span><\/a><\/p>\n","protected":false},"author":2006,"featured_media":0,"comment_status":"open","ping_status":"open","sticky":false,"template":"","format":"standard","meta":{"footnotes":""},"categories":[4,24,6],"tags":[],"class_list":["post-1790","post","type-post","status-publish","format-standard","hentry","category-dimanche","category-fetes","category-luc"],"_links":{"self":[{"href":"https:\/\/levangilealecran.com\/index.php?rest_route=\/wp\/v2\/posts\/1790","targetHints":{"allow":["GET"]}}],"collection":[{"href":"https:\/\/levangilealecran.com\/index.php?rest_route=\/wp\/v2\/posts"}],"about":[{"href":"https:\/\/levangilealecran.com\/index.php?rest_route=\/wp\/v2\/types\/post"}],"author":[{"embeddable":true,"href":"https:\/\/levangilealecran.com\/index.php?rest_route=\/wp\/v2\/users\/2006"}],"replies":[{"embeddable":true,"href":"https:\/\/levangilealecran.com\/index.php?rest_route=%2Fwp%2Fv2%2Fcomments&post=1790"}],"version-history":[{"count":2,"href":"https:\/\/levangilealecran.com\/index.php?rest_route=\/wp\/v2\/posts\/1790\/revisions"}],"predecessor-version":[{"id":1794,"href":"https:\/\/levangilealecran.com\/index.php?rest_route=\/wp\/v2\/posts\/1790\/revisions\/1794"}],"wp:attachment":[{"href":"https:\/\/levangilealecran.com\/index.php?rest_route=%2Fwp%2Fv2%2Fmedia&parent=1790"}],"wp:term":[{"taxonomy":"category","embeddable":true,"href":"https:\/\/levangilealecran.com\/index.php?rest_route=%2Fwp%2Fv2%2Fcategories&post=1790"},{"taxonomy":"post_tag","embeddable":true,"href":"https:\/\/levangilealecran.com\/index.php?rest_route=%2Fwp%2Fv2%2Ftags&post=1790"}],"curies":[{"name":"wp","href":"https:\/\/api.w.org\/{rel}","templated":true}]}}