{"id":1773,"date":"2019-11-01T16:12:59","date_gmt":"2019-11-01T15:12:59","guid":{"rendered":"http:\/\/levangilealecran.com?p=1773"},"modified":"2019-11-01T16:12:59","modified_gmt":"2019-11-01T15:12:59","slug":"31e-dimanche-du-temps-ordinaire-c","status":"publish","type":"post","link":"https:\/\/levangilealecran.com\/?p=1773","title":{"rendered":"31e dimanche du temps ordinaire &#8211; C"},"content":{"rendered":"\n<blockquote class=\"wp-block-quote is-layout-flow wp-block-quote-is-layout-flow\"><p>\u00ab Mais il me faut continuer ma route<br>aujourd\u2019hui, demain et le jour suivant,<br>car il ne convient pas qu\u2019un proph\u00e8te p\u00e9risse en dehors de J\u00e9rusalem. \u00bb<\/p><cite>Luc 13, 33<\/cite><\/blockquote>\n\n\n\n<figure class=\"wp-block-image\"><img loading=\"lazy\" decoding=\"async\" width=\"1024\" height=\"769\" src=\"http:\/\/levangilealecran.comwp-content\/uploads\/2019\/11\/ImageEvEcr2019_11_03-1-1024x769.jpg\" alt=\"\" class=\"wp-image-1778\" srcset=\"https:\/\/levangilealecran.com\/wp-content\/uploads\/2019\/11\/ImageEvEcr2019_11_03-1-1024x769.jpg 1024w, https:\/\/levangilealecran.com\/wp-content\/uploads\/2019\/11\/ImageEvEcr2019_11_03-1-300x225.jpg 300w, https:\/\/levangilealecran.com\/wp-content\/uploads\/2019\/11\/ImageEvEcr2019_11_03-1-768x577.jpg 768w, https:\/\/levangilealecran.com\/wp-content\/uploads\/2019\/11\/ImageEvEcr2019_11_03-1-600x451.jpg 600w, https:\/\/levangilealecran.com\/wp-content\/uploads\/2019\/11\/ImageEvEcr2019_11_03-1-150x113.jpg 150w, https:\/\/levangilealecran.com\/wp-content\/uploads\/2019\/11\/ImageEvEcr2019_11_03-1-200x150.jpg 200w, https:\/\/levangilealecran.com\/wp-content\/uploads\/2019\/11\/ImageEvEcr2019_11_03-1.jpg 1200w\" sizes=\"auto, (max-width: 1024px) 100vw, 1024px\" \/><\/figure>\n\n\n\n<p class=\"wp-block-paragraph\"><strong>> Averti qu\u2019on cherche \u00e0 le tuer, J\u00e9sus ne fuit pas, il continue sa mission parmi les gens, il la continue de la m\u00eame fa\u00e7on que le jour pr\u00e9c\u00e9dent. Mais sa r\u00e9ponse \u00e0 la menace, si elle prouve que J\u00e9sus est absolument conscient de sa mort prochaine et des circonstances de celle-ci, offre \u00e9galement une perspective politique.<\/strong><\/p>\n\n\n\n<p class=\"wp-block-paragraph\"><strong>En affirmant fermement qu\u2019il mourra \u00e0 J\u00e9rusalem, J\u00e9sus assume une appartenance \u00e0 une histoire et \u00e0 un peuple. C\u2019est au milieu du monde qu\u2019il mourra, l\u00e0 o\u00f9 il a annonc\u00e9 la bonne nouvelle et qu\u2019on a refus\u00e9 de l\u2019\u00e9couter.\u00a0 Devant cette mise \u00e0 mort publique, personne ne peut se d\u00e9filer, personne ne peut dire que \u00e7a ne le concerne pas, qu\u2019il ne savait pas.<\/strong><\/p>\n\n\n\n<p class=\"wp-block-paragraph\"><strong>Un proph\u00e8te, comme un martyr, ne meurt pas cach\u00e9. Le t\u00e9moignage de sa vie et le t\u00e9moignage de sa mort sont indissolubles et ils sont un pont vers le Royaume de Dieu, celui qui est commenc\u00e9 ici bas et s\u2019ach\u00e8ve dans la pl\u00e9nitude de Dieu.\u00a0J\u00e9rusalem terrestre et J\u00e9rusalem c\u00e9leste se font face&#8230;<\/strong><\/p>\n\n\n\n<p class=\"wp-block-paragraph\"><strong>Cette semaine nous pouvons r\u00e9fl\u00e9chir au t\u00e9moignage de ta foi de mani\u00e8re politique, c\u2019est \u00e0 dire dans notre vie publique. La fa\u00e7on dont nous l\u2019assumons ou parfois un peu moins&#8230;<\/strong><\/p>\n","protected":false},"excerpt":{"rendered":"<p>\u00ab Mais il me faut continuer ma routeaujourd\u2019hui, demain et le jour suivant,car il ne convient pas qu\u2019un proph\u00e8te p\u00e9risse en dehors de J\u00e9rusalem. \u00bb Luc 13, 33 > Averti qu\u2019on cherche \u00e0 le tuer, J\u00e9sus ne fuit pas, il continue sa mission parmi les gens, il la continue de la m\u00eame fa\u00e7on que le jour pr\u00e9c\u00e9dent. Mais sa r\u00e9ponse \u00e0 la menace, si elle prouve que J\u00e9sus est absolument conscient de sa mort prochaine et des circonstances de celle-ci, offre \u00e9galement une perspective politique. En affirmant fermement qu\u2019il mourra \u00e0 J\u00e9rusalem, J\u00e9sus assume une appartenance \u00e0 une histoire et \u00e0 un peuple. C\u2019est au milieu du monde qu\u2019il mourra, \u2026 <a class=\"continue-reading-link\" href=\"https:\/\/levangilealecran.com\/?p=1773\"> Continue reading <span class=\"meta-nav\">&rarr; <\/span><\/a><\/p>\n","protected":false},"author":2006,"featured_media":0,"comment_status":"open","ping_status":"open","sticky":false,"template":"","format":"standard","meta":{"footnotes":""},"categories":[4,6,1],"tags":[704,649,235,703,642],"class_list":["post-1773","post","type-post","status-publish","format-standard","hentry","category-dimanche","category-luc","category-sanscategorie","tag-jerusalem","tag-martyr","tag-mort","tag-politique","tag-prophete"],"_links":{"self":[{"href":"https:\/\/levangilealecran.com\/index.php?rest_route=\/wp\/v2\/posts\/1773","targetHints":{"allow":["GET"]}}],"collection":[{"href":"https:\/\/levangilealecran.com\/index.php?rest_route=\/wp\/v2\/posts"}],"about":[{"href":"https:\/\/levangilealecran.com\/index.php?rest_route=\/wp\/v2\/types\/post"}],"author":[{"embeddable":true,"href":"https:\/\/levangilealecran.com\/index.php?rest_route=\/wp\/v2\/users\/2006"}],"replies":[{"embeddable":true,"href":"https:\/\/levangilealecran.com\/index.php?rest_route=%2Fwp%2Fv2%2Fcomments&post=1773"}],"version-history":[{"count":5,"href":"https:\/\/levangilealecran.com\/index.php?rest_route=\/wp\/v2\/posts\/1773\/revisions"}],"predecessor-version":[{"id":1780,"href":"https:\/\/levangilealecran.com\/index.php?rest_route=\/wp\/v2\/posts\/1773\/revisions\/1780"}],"wp:attachment":[{"href":"https:\/\/levangilealecran.com\/index.php?rest_route=%2Fwp%2Fv2%2Fmedia&parent=1773"}],"wp:term":[{"taxonomy":"category","embeddable":true,"href":"https:\/\/levangilealecran.com\/index.php?rest_route=%2Fwp%2Fv2%2Fcategories&post=1773"},{"taxonomy":"post_tag","embeddable":true,"href":"https:\/\/levangilealecran.com\/index.php?rest_route=%2Fwp%2Fv2%2Ftags&post=1773"}],"curies":[{"name":"wp","href":"https:\/\/api.w.org\/{rel}","templated":true}]}}