{"id":1768,"date":"2019-10-18T11:15:21","date_gmt":"2019-10-18T09:15:21","guid":{"rendered":"http:\/\/levangilealecran.com?p=1768"},"modified":"2019-10-18T11:15:21","modified_gmt":"2019-10-18T09:15:21","slug":"29e-dimanche-du-temps-ordinaire-c","status":"publish","type":"post","link":"https:\/\/levangilealecran.com\/?p=1768","title":{"rendered":"29e dimanche du temps ordinaire \u2013 C"},"content":{"rendered":"<blockquote><p>Cependant, le Fils de l\u2019homme,<br \/>\nquand il viendra,<br \/>\ntrouvera-t-il la foi sur la terre ? (Lc 18, 8)<\/p><\/blockquote>\n<p><a href=\"http:\/\/levangilealecran.comwp-content\/uploads\/2019\/10\/ImageEvEcr2019_10_18.jpg\"><img loading=\"lazy\" decoding=\"async\" class=\"aligncenter size-medium wp-image-1769\" src=\"http:\/\/levangilealecran.comwp-content\/uploads\/2019\/10\/ImageEvEcr2019_10_18-300x203.jpg\" alt=\"\" width=\"300\" height=\"203\" srcset=\"https:\/\/levangilealecran.com\/wp-content\/uploads\/2019\/10\/ImageEvEcr2019_10_18-300x203.jpg 300w, https:\/\/levangilealecran.com\/wp-content\/uploads\/2019\/10\/ImageEvEcr2019_10_18-768x518.jpg 768w, https:\/\/levangilealecran.com\/wp-content\/uploads\/2019\/10\/ImageEvEcr2019_10_18-1024x691.jpg 1024w, https:\/\/levangilealecran.com\/wp-content\/uploads\/2019\/10\/ImageEvEcr2019_10_18-600x405.jpg 600w, https:\/\/levangilealecran.com\/wp-content\/uploads\/2019\/10\/ImageEvEcr2019_10_18-150x101.jpg 150w, https:\/\/levangilealecran.com\/wp-content\/uploads\/2019\/10\/ImageEvEcr2019_10_18-222x150.jpg 222w, https:\/\/levangilealecran.com\/wp-content\/uploads\/2019\/10\/ImageEvEcr2019_10_18.jpg 1440w\" sizes=\"auto, (max-width: 300px) 100vw, 300px\" \/><\/a><\/p>\n<p><strong>&gt; Cette veuve qui casse litt\u00e9ralement la t\u00eate du juge avec sa demande de justice.\u00a0<span class=\"text_exposed_show\">Quelle belle image de la fragilit\u00e9 qui \u00e0 travers toute l&rsquo;Histoire questionne le pouvoir et les puissants ! Avec insistance, sans l\u00e2cher une miette de protestation. \u00a0Et le juge, de guerre lasse va c\u00e9der.\u00a0A combien plus forte raison, Dieu nous \u00e9coute-t-il &#8230; Lui qui nous aime!<\/span><\/strong><\/p>\n<div class=\"text_exposed_show\">\n<p><strong>Donne-moi de me saisir Seigneur <\/strong><br \/>\n<strong>D&rsquo;une pri\u00e8re qui pers\u00e9v\u00e8re<\/strong><br \/>\n<strong>Aide-moi \u00e0 trouver <\/strong><br \/>\n<strong>La force t\u00eatue d&rsquo;une pri\u00e8re<\/strong><br \/>\n<strong>Au long cours&#8230;<\/strong><br \/>\n<strong>Qui t\u00e9moigne de la foi d\u00e9pos\u00e9e <\/strong><br \/>\n<strong>Au plus profond de moi.<\/strong><br \/>\n<strong>Oui, secoue Seigneur le brasier de mon esp\u00e9rance <\/strong><br \/>\n<strong>Pour que je retrouve l&rsquo;\u00e9tincelle de prier <\/strong><br \/>\n<strong>m\u00eame pour les causes que je crois perdues&#8230;<\/strong><br \/>\n<strong>Amen<\/strong><\/p>\n<\/div>\n","protected":false},"excerpt":{"rendered":"<p>Cependant, le Fils de l\u2019homme, quand il viendra, trouvera-t-il la foi sur la terre ? (Lc 18, 8) &gt; Cette veuve qui casse litt\u00e9ralement la t\u00eate du juge avec sa demande de justice.\u00a0Quelle belle image de la fragilit\u00e9 qui \u00e0 travers toute l&rsquo;Histoire questionne le pouvoir et les puissants ! Avec insistance, sans l\u00e2cher une miette de protestation. \u00a0Et le juge, de guerre lasse va c\u00e9der.\u00a0A combien plus forte raison, Dieu nous \u00e9coute-t-il &#8230; Lui qui nous aime! Donne-moi de me saisir Seigneur D&rsquo;une pri\u00e8re qui pers\u00e9v\u00e8re Aide-moi \u00e0 trouver La force t\u00eatue d&rsquo;une pri\u00e8re Au long cours&#8230; Qui t\u00e9moigne de la foi d\u00e9pos\u00e9e Au plus profond de moi. Oui, \u2026 <a class=\"continue-reading-link\" href=\"https:\/\/levangilealecran.com\/?p=1768\"> Continue reading <span class=\"meta-nav\">&rarr; <\/span><\/a><\/p>\n","protected":false},"author":2006,"featured_media":0,"comment_status":"open","ping_status":"open","sticky":false,"template":"","format":"standard","meta":{"footnotes":""},"categories":[4,6],"tags":[50,665,31],"class_list":["post-1768","post","type-post","status-publish","format-standard","hentry","category-dimanche","category-luc","tag-esperance","tag-fragilite","tag-priere"],"_links":{"self":[{"href":"https:\/\/levangilealecran.com\/index.php?rest_route=\/wp\/v2\/posts\/1768","targetHints":{"allow":["GET"]}}],"collection":[{"href":"https:\/\/levangilealecran.com\/index.php?rest_route=\/wp\/v2\/posts"}],"about":[{"href":"https:\/\/levangilealecran.com\/index.php?rest_route=\/wp\/v2\/types\/post"}],"author":[{"embeddable":true,"href":"https:\/\/levangilealecran.com\/index.php?rest_route=\/wp\/v2\/users\/2006"}],"replies":[{"embeddable":true,"href":"https:\/\/levangilealecran.com\/index.php?rest_route=%2Fwp%2Fv2%2Fcomments&post=1768"}],"version-history":[{"count":1,"href":"https:\/\/levangilealecran.com\/index.php?rest_route=\/wp\/v2\/posts\/1768\/revisions"}],"predecessor-version":[{"id":1770,"href":"https:\/\/levangilealecran.com\/index.php?rest_route=\/wp\/v2\/posts\/1768\/revisions\/1770"}],"wp:attachment":[{"href":"https:\/\/levangilealecran.com\/index.php?rest_route=%2Fwp%2Fv2%2Fmedia&parent=1768"}],"wp:term":[{"taxonomy":"category","embeddable":true,"href":"https:\/\/levangilealecran.com\/index.php?rest_route=%2Fwp%2Fv2%2Fcategories&post=1768"},{"taxonomy":"post_tag","embeddable":true,"href":"https:\/\/levangilealecran.com\/index.php?rest_route=%2Fwp%2Fv2%2Ftags&post=1768"}],"curies":[{"name":"wp","href":"https:\/\/api.w.org\/{rel}","templated":true}]}}