{"id":1745,"date":"2019-09-06T15:53:44","date_gmt":"2019-09-06T13:53:44","guid":{"rendered":"http:\/\/levangilealecran.com?p=1745"},"modified":"2019-09-06T15:53:44","modified_gmt":"2019-09-06T13:53:44","slug":"23-dimanche-du-temps-ordinaire-c","status":"publish","type":"post","link":"https:\/\/levangilealecran.com\/?p=1745","title":{"rendered":"23 dimanche du temps ordinaire &#8211; C"},"content":{"rendered":"<blockquote><p>\u00ab\u00a0Si quelqu&rsquo;un vient \u00e0 moi, et s&rsquo;il ne hait pas son p\u00e8re, sa m\u00e8re, sa femme, ses enfants, ses fr\u00e8res, et ses soeurs, et m\u00eame sa propre vie, il ne peut \u00eatre mon disciple.\u00a0\u00bb (Luc 14,26)<\/p><\/blockquote>\n<p><strong>&gt; Qu&rsquo;il est dur ce verset&#8230; Imaginez aussi pour les gens de l&rsquo;\u00e9poque, les foules qui suivaient J\u00e9sus et qui le voient se retourner brutalement et les invectiver de la sorte&#8230; On a r\u00eav\u00e9 mieux comme marketing spirituel ! Je crois que ce que J\u00e9sus veut pr\u00e9venir c&rsquo;est que ceux qui se sont mis \u00e0 le suivre attir\u00e9s par les gu\u00e9risons et les miracles ne r\u00e9alisent pas \u00e0 quelle radicalit\u00e9 d&rsquo;amour lui est en train de se pr\u00e9parer avec le pressentiment de la Passion. Et ainsi donc, J\u00e9sus les pr\u00e9vient que ce n&rsquo;est pas \u00e0 une promenade de sant\u00e9 que l&rsquo;Evangile les invite mais \u00e0 des choix qui vont polariser les r\u00e9actions autour d&rsquo;eux, parfois m\u00eame avec les personnes les plus proches&#8230;.<\/strong><\/p>\n<p><strong>Cette semaine, je vais essayer de donner la priorit\u00e9 \u00e0 mes engagements de foi et parallelement demander le discernement pour accueillir avec calme les r\u00e9actions d&rsquo;incompr\u00e9hension qu&rsquo;ils peuvent susciter&#8230;<\/strong><\/p>\n","protected":false},"excerpt":{"rendered":"<p>\u00ab\u00a0Si quelqu&rsquo;un vient \u00e0 moi, et s&rsquo;il ne hait pas son p\u00e8re, sa m\u00e8re, sa femme, ses enfants, ses fr\u00e8res, et ses soeurs, et m\u00eame sa propre vie, il ne peut \u00eatre mon disciple.\u00a0\u00bb (Luc 14,26) &gt; Qu&rsquo;il est dur ce verset&#8230; Imaginez aussi pour les gens de l&rsquo;\u00e9poque, les foules qui suivaient J\u00e9sus et qui le voient se retourner brutalement et les invectiver de la sorte&#8230; On a r\u00eav\u00e9 mieux comme marketing spirituel ! Je crois que ce que J\u00e9sus veut pr\u00e9venir c&rsquo;est que ceux qui se sont mis \u00e0 le suivre attir\u00e9s par les gu\u00e9risons et les miracles ne r\u00e9alisent pas \u00e0 quelle radicalit\u00e9 d&rsquo;amour lui est en \u2026 <a class=\"continue-reading-link\" href=\"https:\/\/levangilealecran.com\/?p=1745\"> Continue reading <span class=\"meta-nav\">&rarr; <\/span><\/a><\/p>\n","protected":false},"author":2006,"featured_media":0,"comment_status":"open","ping_status":"open","sticky":false,"template":"","format":"standard","meta":{"footnotes":""},"categories":[4,6],"tags":[16,670,697,80,76,696],"class_list":["post-1745","post","type-post","status-publish","format-standard","hentry","category-dimanche","category-luc","tag-amour","tag-discernement","tag-engagements","tag-evangile","tag-foi","tag-radicalite"],"_links":{"self":[{"href":"https:\/\/levangilealecran.com\/index.php?rest_route=\/wp\/v2\/posts\/1745","targetHints":{"allow":["GET"]}}],"collection":[{"href":"https:\/\/levangilealecran.com\/index.php?rest_route=\/wp\/v2\/posts"}],"about":[{"href":"https:\/\/levangilealecran.com\/index.php?rest_route=\/wp\/v2\/types\/post"}],"author":[{"embeddable":true,"href":"https:\/\/levangilealecran.com\/index.php?rest_route=\/wp\/v2\/users\/2006"}],"replies":[{"embeddable":true,"href":"https:\/\/levangilealecran.com\/index.php?rest_route=%2Fwp%2Fv2%2Fcomments&post=1745"}],"version-history":[{"count":1,"href":"https:\/\/levangilealecran.com\/index.php?rest_route=\/wp\/v2\/posts\/1745\/revisions"}],"predecessor-version":[{"id":1746,"href":"https:\/\/levangilealecran.com\/index.php?rest_route=\/wp\/v2\/posts\/1745\/revisions\/1746"}],"wp:attachment":[{"href":"https:\/\/levangilealecran.com\/index.php?rest_route=%2Fwp%2Fv2%2Fmedia&parent=1745"}],"wp:term":[{"taxonomy":"category","embeddable":true,"href":"https:\/\/levangilealecran.com\/index.php?rest_route=%2Fwp%2Fv2%2Fcategories&post=1745"},{"taxonomy":"post_tag","embeddable":true,"href":"https:\/\/levangilealecran.com\/index.php?rest_route=%2Fwp%2Fv2%2Ftags&post=1745"}],"curies":[{"name":"wp","href":"https:\/\/api.w.org\/{rel}","templated":true}]}}