{"id":1735,"date":"2019-08-16T09:03:36","date_gmt":"2019-08-16T07:03:36","guid":{"rendered":"http:\/\/levangilealecran.com?p=1735"},"modified":"2019-08-16T09:03:36","modified_gmt":"2019-08-16T07:03:36","slug":"20e-dimanche-du-temps-ordinaire-c","status":"publish","type":"post","link":"https:\/\/levangilealecran.com\/?p=1735","title":{"rendered":"20e dimanche du temps ordinaire \u2013 C"},"content":{"rendered":"<blockquote><p>\u00ab\u00a0Pensez-vous que je sois venu mettre la paix sur la terre ?\u00a0\u00bb Luc 12, 49-53<\/p><\/blockquote>\n<p><a href=\"http:\/\/levangilealecran.comwp-content\/uploads\/2019\/08\/ImageEvEcr2019_08_16.jpg\"><img loading=\"lazy\" decoding=\"async\" class=\"aligncenter size-medium wp-image-1736\" src=\"http:\/\/levangilealecran.comwp-content\/uploads\/2019\/08\/ImageEvEcr2019_08_16-300x300.jpg\" alt=\"\" width=\"300\" height=\"300\" srcset=\"https:\/\/levangilealecran.com\/wp-content\/uploads\/2019\/08\/ImageEvEcr2019_08_16-300x300.jpg 300w, https:\/\/levangilealecran.com\/wp-content\/uploads\/2019\/08\/ImageEvEcr2019_08_16-150x150.jpg 150w, https:\/\/levangilealecran.com\/wp-content\/uploads\/2019\/08\/ImageEvEcr2019_08_16.jpg 600w\" sizes=\"auto, (max-width: 300px) 100vw, 300px\" \/><\/a><\/p>\n<p><strong>&gt; Il est difficile d\u2019entendre et de lire cet extrait d\u2019\u00e9vangile. J\u00e9sus dont sa naissance a \u00e9t\u00e9 annonc\u00e9e dans la joie du \u00ab paix sur la terre aux hommes \u00bb dit \u00e0 ses disciples qu\u2019il vient apporter la division.<\/strong><\/p>\n<p><strong>J\u00e9sus rappelle \u00e0 ses disciples qu\u2019il vient apporter une paix plus grande, celle qui a travers\u00e9 sa mort et a \u00e9t\u00e9 d\u00e9bar<span class=\"text_exposed_show\">rass\u00e9e du p\u00e9ch\u00e9. Mais que cette paix ne se fera pas sans division car elle demande une conversion totale ; elle n\u2019admettra pas les ti\u00e8des. Et c\u2019est pour cela que m\u00eame au sein de la famille la division pourra r\u00e9gner. Il est difficile \u00e0 chacun de se retirer dans sa chambre et de prier le Seigneur sans \u00eatre jug\u00e9 ou emb\u00eat\u00e9 par un membre de sa famille. Ceux qui croient mais \u00e0 quoi bon aller \u00e0 l\u2019office ? \u00e0 quoi bon je\u00fbner lorsque cela est recommand\u00e9 ?<br \/>\n<\/span><\/strong><\/p>\n<p><strong><span class=\"text_exposed_show\">Cette semaine pensons \u00e0 nos propres divisions int\u00e9rieures, entre la chair et l\u2019esprit. Et gagnons des petites batailles du quotidien en consacrant r\u00e9guli\u00e8rement des petits moments \u00e0 Dieu ! Par exemple en glorifiant le Seigneur devant la beaut\u00e9 d\u2019un paysage\u2026<\/span><\/strong><\/p>\n","protected":false},"excerpt":{"rendered":"<p>\u00ab\u00a0Pensez-vous que je sois venu mettre la paix sur la terre ?\u00a0\u00bb Luc 12, 49-53 &gt; Il est difficile d\u2019entendre et de lire cet extrait d\u2019\u00e9vangile. J\u00e9sus dont sa naissance a \u00e9t\u00e9 annonc\u00e9e dans la joie du \u00ab paix sur la terre aux hommes \u00bb dit \u00e0 ses disciples qu\u2019il vient apporter la division. J\u00e9sus rappelle \u00e0 ses disciples qu\u2019il vient apporter une paix plus grande, celle qui a travers\u00e9 sa mort et a \u00e9t\u00e9 d\u00e9barrass\u00e9e du p\u00e9ch\u00e9. Mais que cette paix ne se fera pas sans division car elle demande une conversion totale ; elle n\u2019admettra pas les ti\u00e8des. Et c\u2019est pour cela que m\u00eame au sein de la \u2026 <a class=\"continue-reading-link\" href=\"https:\/\/levangilealecran.com\/?p=1735\"> Continue reading <span class=\"meta-nav\">&rarr; <\/span><\/a><\/p>\n","protected":false},"author":2006,"featured_media":0,"comment_status":"open","ping_status":"open","sticky":false,"template":"","format":"standard","meta":{"footnotes":""},"categories":[4,6],"tags":[426,357,641,220,19,470,32],"class_list":["post-1735","post","type-post","status-publish","format-standard","hentry","category-dimanche","category-luc","tag-chair","tag-conversion","tag-division","tag-esprit","tag-paix","tag-peche","tag-unite"],"_links":{"self":[{"href":"https:\/\/levangilealecran.com\/index.php?rest_route=\/wp\/v2\/posts\/1735","targetHints":{"allow":["GET"]}}],"collection":[{"href":"https:\/\/levangilealecran.com\/index.php?rest_route=\/wp\/v2\/posts"}],"about":[{"href":"https:\/\/levangilealecran.com\/index.php?rest_route=\/wp\/v2\/types\/post"}],"author":[{"embeddable":true,"href":"https:\/\/levangilealecran.com\/index.php?rest_route=\/wp\/v2\/users\/2006"}],"replies":[{"embeddable":true,"href":"https:\/\/levangilealecran.com\/index.php?rest_route=%2Fwp%2Fv2%2Fcomments&post=1735"}],"version-history":[{"count":1,"href":"https:\/\/levangilealecran.com\/index.php?rest_route=\/wp\/v2\/posts\/1735\/revisions"}],"predecessor-version":[{"id":1737,"href":"https:\/\/levangilealecran.com\/index.php?rest_route=\/wp\/v2\/posts\/1735\/revisions\/1737"}],"wp:attachment":[{"href":"https:\/\/levangilealecran.com\/index.php?rest_route=%2Fwp%2Fv2%2Fmedia&parent=1735"}],"wp:term":[{"taxonomy":"category","embeddable":true,"href":"https:\/\/levangilealecran.com\/index.php?rest_route=%2Fwp%2Fv2%2Fcategories&post=1735"},{"taxonomy":"post_tag","embeddable":true,"href":"https:\/\/levangilealecran.com\/index.php?rest_route=%2Fwp%2Fv2%2Ftags&post=1735"}],"curies":[{"name":"wp","href":"https:\/\/api.w.org\/{rel}","templated":true}]}}