{"id":1732,"date":"2019-08-09T08:50:33","date_gmt":"2019-08-09T06:50:33","guid":{"rendered":"http:\/\/levangilealecran.com?p=1732"},"modified":"2019-08-09T08:50:33","modified_gmt":"2019-08-09T06:50:33","slug":"19e-dimanche-du-temps-ordinaire-c","status":"publish","type":"post","link":"https:\/\/levangilealecran.com\/?p=1732","title":{"rendered":"19e dimanche du temps ordinaire \u2013 C"},"content":{"rendered":"<blockquote><p>\u00ab \u00c0 qui l\u2019on a beaucoup donn\u00e9, on demandera beaucoup ;<\/p>\n<p>\u00e0 qui l\u2019on a beaucoup confi\u00e9, on r\u00e9clamera davantage. \u00bb (Luc 12,48)<\/p><\/blockquote>\n<p><a href=\"http:\/\/levangilealecran.comwp-content\/uploads\/2019\/08\/ImageEvEcr2019_08_09.jpg\"><img loading=\"lazy\" decoding=\"async\" class=\"aligncenter size-medium wp-image-1733\" src=\"http:\/\/levangilealecran.comwp-content\/uploads\/2019\/08\/ImageEvEcr2019_08_09-300x200.jpg\" alt=\"\" width=\"300\" height=\"200\" srcset=\"https:\/\/levangilealecran.com\/wp-content\/uploads\/2019\/08\/ImageEvEcr2019_08_09-300x200.jpg 300w, https:\/\/levangilealecran.com\/wp-content\/uploads\/2019\/08\/ImageEvEcr2019_08_09-768x512.jpg 768w, https:\/\/levangilealecran.com\/wp-content\/uploads\/2019\/08\/ImageEvEcr2019_08_09-1024x683.jpg 1024w, https:\/\/levangilealecran.com\/wp-content\/uploads\/2019\/08\/ImageEvEcr2019_08_09-600x400.jpg 600w, https:\/\/levangilealecran.com\/wp-content\/uploads\/2019\/08\/ImageEvEcr2019_08_09-150x100.jpg 150w, https:\/\/levangilealecran.com\/wp-content\/uploads\/2019\/08\/ImageEvEcr2019_08_09-225x150.jpg 225w, https:\/\/levangilealecran.com\/wp-content\/uploads\/2019\/08\/ImageEvEcr2019_08_09.jpg 1200w\" sizes=\"auto, (max-width: 300px) 100vw, 300px\" \/><\/a><\/p>\n<p><strong>&gt;Dans notre vie nous recevons de nombreux dons. Toute notre vie est un don de Dieu. Ce verset permet de nous le rappeler de mani\u00e8re vive. Et ces dons, Dieu veut qu\u2019ils portent du fruit. <\/strong><\/p>\n<p><strong>Si je suis plus dou\u00e9 que mon voisin dans un domaine, ce n\u2019est pas pour l\u2019\u00e9craser de mon <span class=\"text_exposed_show\">g\u00e9nie mais bien parce que je suis appel\u00e9 \u00e0 en faire davantage profiter autour de moi. Les dons re\u00e7us entra\u00eenent une responsabilit\u00e9.<\/p>\n<p>Il en va de m\u00eame avec la foi. Conna\u00eetre Dieu ne peut jamais \u00eatre le motif d\u2019un sentiment de sup\u00e9riorit\u00e9 mais bien plut\u00f4t un appel \u00e0 t\u00e9moigner sans rel\u00e2che de son amour pour les hommes.<\/p>\n<p>Cette semaine nous t\u2019invitons \u00e0 r\u00e9fl\u00e9chir \u00e0 ces dons particuliers que nous avons re\u00e7us dans notre vie et m\u00eame \u00e0 cette vie que nous avons re\u00e7ue. Comment est-ce que nous en faisons profiter le monde entier ? Comment est-ce que, \u00e0 travers eux, nous nous\u00a0mettons\u00a0au service des autres et de Dieu ?<\/span><\/strong><\/p>\n","protected":false},"excerpt":{"rendered":"<p>\u00ab \u00c0 qui l\u2019on a beaucoup donn\u00e9, on demandera beaucoup ; \u00e0 qui l\u2019on a beaucoup confi\u00e9, on r\u00e9clamera davantage. \u00bb (Luc 12,48) &gt;Dans notre vie nous recevons de nombreux dons. Toute notre vie est un don de Dieu. Ce verset permet de nous le rappeler de mani\u00e8re vive. Et ces dons, Dieu veut qu\u2019ils portent du fruit. Si je suis plus dou\u00e9 que mon voisin dans un domaine, ce n\u2019est pas pour l\u2019\u00e9craser de mon g\u00e9nie mais bien parce que je suis appel\u00e9 \u00e0 en faire davantage profiter autour de moi. Les dons re\u00e7us entra\u00eenent une responsabilit\u00e9. Il en va de m\u00eame avec la foi. Conna\u00eetre Dieu ne peut \u2026 <a class=\"continue-reading-link\" href=\"https:\/\/levangilealecran.com\/?p=1732\"> Continue reading <span class=\"meta-nav\">&rarr; <\/span><\/a><\/p>\n","protected":false},"author":2006,"featured_media":0,"comment_status":"open","ping_status":"open","sticky":false,"template":"","format":"standard","meta":{"footnotes":""},"categories":[4,6],"tags":[319,678,122],"class_list":["post-1732","post","type-post","status-publish","format-standard","hentry","category-dimanche","category-luc","tag-dons","tag-fruits","tag-service"],"_links":{"self":[{"href":"https:\/\/levangilealecran.com\/index.php?rest_route=\/wp\/v2\/posts\/1732","targetHints":{"allow":["GET"]}}],"collection":[{"href":"https:\/\/levangilealecran.com\/index.php?rest_route=\/wp\/v2\/posts"}],"about":[{"href":"https:\/\/levangilealecran.com\/index.php?rest_route=\/wp\/v2\/types\/post"}],"author":[{"embeddable":true,"href":"https:\/\/levangilealecran.com\/index.php?rest_route=\/wp\/v2\/users\/2006"}],"replies":[{"embeddable":true,"href":"https:\/\/levangilealecran.com\/index.php?rest_route=%2Fwp%2Fv2%2Fcomments&post=1732"}],"version-history":[{"count":1,"href":"https:\/\/levangilealecran.com\/index.php?rest_route=\/wp\/v2\/posts\/1732\/revisions"}],"predecessor-version":[{"id":1734,"href":"https:\/\/levangilealecran.com\/index.php?rest_route=\/wp\/v2\/posts\/1732\/revisions\/1734"}],"wp:attachment":[{"href":"https:\/\/levangilealecran.com\/index.php?rest_route=%2Fwp%2Fv2%2Fmedia&parent=1732"}],"wp:term":[{"taxonomy":"category","embeddable":true,"href":"https:\/\/levangilealecran.com\/index.php?rest_route=%2Fwp%2Fv2%2Fcategories&post=1732"},{"taxonomy":"post_tag","embeddable":true,"href":"https:\/\/levangilealecran.com\/index.php?rest_route=%2Fwp%2Fv2%2Ftags&post=1732"}],"curies":[{"name":"wp","href":"https:\/\/api.w.org\/{rel}","templated":true}]}}