{"id":1726,"date":"2019-07-26T15:28:05","date_gmt":"2019-07-26T13:28:05","guid":{"rendered":"http:\/\/levangilealecran.com?p=1726"},"modified":"2019-07-26T15:28:05","modified_gmt":"2019-07-26T13:28:05","slug":"17e-dimanche-du-temps-ordinaire-c","status":"publish","type":"post","link":"https:\/\/levangilealecran.com\/?p=1726","title":{"rendered":"17e dimanche du temps ordinaire \u2013 C"},"content":{"rendered":"<blockquote><p>\u00ab\u00a0P\u00e8re, fais conna\u00eetre \u00e0 tous qui Tu es\u00a0\u00bb (Luc 11,2)<\/p><\/blockquote>\n<p><strong>&gt; A la demande d&rsquo;un des disciples, J\u00e9sus leur apprend \u00e0 prier, mais pas une pri\u00e8re m\u00e9canique! Une pri\u00e8re qui commence par un doux petit mot: Abba, litt\u00e9ralement Papa&#8230;\u00a0C&rsquo;est \u00e0 une exp\u00e9rience affective qu&rsquo;il les invite!\u00a0Et il se passe quelque chose dans cette pri\u00e8re o\u00f9 toute l&rsquo;humanit\u00e9 est engag\u00e9e, parce que je dis \u00ab\u00a0Notre\u00a0\u00bb et non pas \u00ab\u00a0Mon P\u00e8re\u00a0\u00bb&#8230; et que la premi\u00e8re requ\u00eate me demande d\u00e9j\u00e0 de penser \u00e0 tous et non seulement \u00e0 ma<span class=\"text_exposed_show\"> petite personne!<\/span><\/strong><\/p>\n<p><strong><span class=\"text_exposed_show\">\u00ab\u00a0Fais conna\u00eetre \u00e0 tous qui Tu es\u00a0\u00bb, cela veut dire que je m&rsquo;implique d\u00e9j\u00e0 dans l&rsquo;intercession: je pense par exemple \u00e0 ceux qui sont endeuill\u00e9s cette semaine et je demande au P\u00e8re qu&rsquo;il se fasse conna\u00eetre \u00e0 eux, de la fa\u00e7on qui les r\u00e9confortera et leur fera du bien.<br \/>\n<\/span><\/strong><\/p>\n<p><strong><span class=\"text_exposed_show\">\u00ab\u00a0Fais conna\u00eetre \u00e0 tous qui Tu es\u00a0\u00bb, cela veut encore dire que j&rsquo;ouvre ma pri\u00e8re aux extr\u00e9mit\u00e9s de la Terre, je ne reste pas sur mon quant-\u00e0-moi dans ce coin de pays plut\u00f4t favoris\u00e9, non je repousse les limites: pour que chaque \u00eatre humain ait une fois au moins dans sa vie la possibilit\u00e9 d&rsquo;entrevoir combien le P\u00e8re est bon et tendre pour ses enfants.<br \/>\n<\/span><\/strong><\/p>\n<p><strong><span class=\"text_exposed_show\">Dire \u00ab\u00a0Notre P\u00e8re\u00a0\u00bb, c&rsquo;est prendre d&rsquo;assaut l&rsquo;\u00e9go\u00efsme !<\/span><\/strong><\/p>\n","protected":false},"excerpt":{"rendered":"<p>\u00ab\u00a0P\u00e8re, fais conna\u00eetre \u00e0 tous qui Tu es\u00a0\u00bb (Luc 11,2) &gt; A la demande d&rsquo;un des disciples, J\u00e9sus leur apprend \u00e0 prier, mais pas une pri\u00e8re m\u00e9canique! Une pri\u00e8re qui commence par un doux petit mot: Abba, litt\u00e9ralement Papa&#8230;\u00a0C&rsquo;est \u00e0 une exp\u00e9rience affective qu&rsquo;il les invite!\u00a0Et il se passe quelque chose dans cette pri\u00e8re o\u00f9 toute l&rsquo;humanit\u00e9 est engag\u00e9e, parce que je dis \u00ab\u00a0Notre\u00a0\u00bb et non pas \u00ab\u00a0Mon P\u00e8re\u00a0\u00bb&#8230; et que la premi\u00e8re requ\u00eate me demande d\u00e9j\u00e0 de penser \u00e0 tous et non seulement \u00e0 ma petite personne! \u00ab\u00a0Fais conna\u00eetre \u00e0 tous qui Tu es\u00a0\u00bb, cela veut dire que je m&rsquo;implique d\u00e9j\u00e0 dans l&rsquo;intercession: je pense par exemple \u00e0 ceux \u2026 <a class=\"continue-reading-link\" href=\"https:\/\/levangilealecran.com\/?p=1726\"> Continue reading <span class=\"meta-nav\">&rarr; <\/span><\/a><\/p>\n","protected":false},"author":2006,"featured_media":0,"comment_status":"open","ping_status":"open","sticky":false,"template":"","format":"standard","meta":{"footnotes":""},"categories":[4,6],"tags":[693,466,383,272,31],"class_list":["post-1726","post","type-post","status-publish","format-standard","hentry","category-dimanche","category-luc","tag-affection","tag-intercession","tag-limites","tag-pere","tag-priere"],"_links":{"self":[{"href":"https:\/\/levangilealecran.com\/index.php?rest_route=\/wp\/v2\/posts\/1726","targetHints":{"allow":["GET"]}}],"collection":[{"href":"https:\/\/levangilealecran.com\/index.php?rest_route=\/wp\/v2\/posts"}],"about":[{"href":"https:\/\/levangilealecran.com\/index.php?rest_route=\/wp\/v2\/types\/post"}],"author":[{"embeddable":true,"href":"https:\/\/levangilealecran.com\/index.php?rest_route=\/wp\/v2\/users\/2006"}],"replies":[{"embeddable":true,"href":"https:\/\/levangilealecran.com\/index.php?rest_route=%2Fwp%2Fv2%2Fcomments&post=1726"}],"version-history":[{"count":1,"href":"https:\/\/levangilealecran.com\/index.php?rest_route=\/wp\/v2\/posts\/1726\/revisions"}],"predecessor-version":[{"id":1727,"href":"https:\/\/levangilealecran.com\/index.php?rest_route=\/wp\/v2\/posts\/1726\/revisions\/1727"}],"wp:attachment":[{"href":"https:\/\/levangilealecran.com\/index.php?rest_route=%2Fwp%2Fv2%2Fmedia&parent=1726"}],"wp:term":[{"taxonomy":"category","embeddable":true,"href":"https:\/\/levangilealecran.com\/index.php?rest_route=%2Fwp%2Fv2%2Fcategories&post=1726"},{"taxonomy":"post_tag","embeddable":true,"href":"https:\/\/levangilealecran.com\/index.php?rest_route=%2Fwp%2Fv2%2Ftags&post=1726"}],"curies":[{"name":"wp","href":"https:\/\/api.w.org\/{rel}","templated":true}]}}