{"id":1719,"date":"2019-07-19T08:00:03","date_gmt":"2019-07-19T06:00:03","guid":{"rendered":"http:\/\/levangilealecran.com?p=1719"},"modified":"2019-07-05T16:31:53","modified_gmt":"2019-07-05T14:31:53","slug":"16e-dimanche-du-temps-ordinaire-c","status":"publish","type":"post","link":"https:\/\/levangilealecran.com\/?p=1719","title":{"rendered":"16e dimanche du temps ordinaire \u2013 C"},"content":{"rendered":"<div id=\"js_23o\" class=\"_5pbx userContent _3576\" data-testid=\"post_message\" data-ft=\"{&quot;tn&quot;:&quot;K&quot;}\">\n<blockquote><p>\u00ab Seigneur, cela ne te fait rien que ma s\u0153ur m\u2019ait laiss\u00e9 faire seule le service ? Dis-lui donc de m\u2019aider. \u00bb (Luc 10, 40)<\/p><\/blockquote>\n<p><a title=\"\" href=\"http:\/\/levangilealecran.comwp-content\/uploads\/2019\/07\/20190721_Lc1040.png\"><img loading=\"lazy\" decoding=\"async\" class=\"aligncenter size-medium wp-image-1720\" title=\"\" src=\"http:\/\/levangilealecran.comwp-content\/uploads\/2019\/07\/20190721_Lc1040-300x300.png\" alt=\"\" width=\"300\" height=\"300\" srcset=\"https:\/\/levangilealecran.com\/wp-content\/uploads\/2019\/07\/20190721_Lc1040-300x300.png 300w, https:\/\/levangilealecran.com\/wp-content\/uploads\/2019\/07\/20190721_Lc1040-150x150.png 150w, https:\/\/levangilealecran.com\/wp-content\/uploads\/2019\/07\/20190721_Lc1040-768x768.png 768w, https:\/\/levangilealecran.com\/wp-content\/uploads\/2019\/07\/20190721_Lc1040-1024x1024.png 1024w, https:\/\/levangilealecran.com\/wp-content\/uploads\/2019\/07\/20190721_Lc1040-600x600.png 600w, https:\/\/levangilealecran.com\/wp-content\/uploads\/2019\/07\/20190721_Lc1040.png 1200w\" sizes=\"auto, (max-width: 300px) 100vw, 300px\" \/><\/a><\/p>\n<p><strong>&gt; On ne peut pas en vouloir \u00e0 Marthe. Sa col\u00e8re est signe d\u2019un besoin de reconnaissance pour tout le temps consacr\u00e9 au service. Nous serions beaucoup \u00e0 avoir r\u00e9agi comme elle. Notre sens du devoir bien accompli peut nous jouer rapidement des tours et parfois nous oublions un peu les priorit\u00e9s.<\/strong><\/p>\n<p><strong>Cela se traduit aussi dans le Capitalisme et l\u2019activisme. Il y a dans notre soci\u00e9t\u00e9, quelque chose de Marthe et l\u2019\u00c9glise n\u2019y \u00e9chappe pas. Elle est appel\u00e9e \u00e0 \u00eatre comme Marie dans ce passage de l\u2019\u00c9vangile : plut\u00f4t \u00e0 l\u2019\u00e9coute du Christ que dans la surench\u00e8re de proposition d\u2019activit\u00e9.<\/strong><br \/>\n<strong> J\u00e9sus exprime le besoin de la rencontre avec Marthe. Il n\u2019est pas l\u00e0 que pour donner, mais aussi pour accueillir : une mani\u00e8re de dire \u00e0 Marthe \u00abvient aussi !\u00bb.<\/strong><\/p>\n<p><strong>&gt; Le fait de \u00abfaire\u00bb permet de contr\u00f4ler, on peut regarder si c\u2019est bien fait ! les choses sont des certitudes, ce qui est myst\u00e9rieux ce sont les personnes. Cette semaine, alors que nous sommes peut-\u00eatre en vacances, prenons de temps en temps le risque d\u2019entrer dans le myst\u00e8re des relations en \u00e9coutant le Christ et celles et ceux que nous rencontrerons, sans \u00abfaire\u00bb quelque chose de pr\u00e9cis mais dans l\u2019instant pr\u00e9sent.<\/strong><\/p>\n<\/div>\n","protected":false},"excerpt":{"rendered":"<p>\u00ab Seigneur, cela ne te fait rien que ma s\u0153ur m\u2019ait laiss\u00e9 faire seule le service ? Dis-lui donc de m\u2019aider. \u00bb (Luc 10, 40) &gt; On ne peut pas en vouloir \u00e0 Marthe. Sa col\u00e8re est signe d\u2019un besoin de reconnaissance pour tout le temps consacr\u00e9 au service. Nous serions beaucoup \u00e0 avoir r\u00e9agi comme elle. Notre sens du devoir bien accompli peut nous jouer rapidement des tours et parfois nous oublions un peu les priorit\u00e9s. Cela se traduit aussi dans le Capitalisme et l\u2019activisme. Il y a dans notre soci\u00e9t\u00e9, quelque chose de Marthe et l\u2019\u00c9glise n\u2019y \u00e9chappe pas. Elle est appel\u00e9e \u00e0 \u00eatre comme Marie dans ce \u2026 <a class=\"continue-reading-link\" href=\"https:\/\/levangilealecran.com\/?p=1719\"> Continue reading <span class=\"meta-nav\">&rarr; <\/span><\/a><\/p>\n","protected":false},"author":2006,"featured_media":0,"comment_status":"open","ping_status":"open","sticky":false,"template":"","format":"standard","meta":{"footnotes":""},"categories":[4,6],"tags":[340,60,423],"class_list":["post-1719","post","type-post","status-publish","format-standard","hentry","category-dimanche","category-luc","tag-accueil","tag-ecoute","tag-rencontres"],"_links":{"self":[{"href":"https:\/\/levangilealecran.com\/index.php?rest_route=\/wp\/v2\/posts\/1719","targetHints":{"allow":["GET"]}}],"collection":[{"href":"https:\/\/levangilealecran.com\/index.php?rest_route=\/wp\/v2\/posts"}],"about":[{"href":"https:\/\/levangilealecran.com\/index.php?rest_route=\/wp\/v2\/types\/post"}],"author":[{"embeddable":true,"href":"https:\/\/levangilealecran.com\/index.php?rest_route=\/wp\/v2\/users\/2006"}],"replies":[{"embeddable":true,"href":"https:\/\/levangilealecran.com\/index.php?rest_route=%2Fwp%2Fv2%2Fcomments&post=1719"}],"version-history":[{"count":2,"href":"https:\/\/levangilealecran.com\/index.php?rest_route=\/wp\/v2\/posts\/1719\/revisions"}],"predecessor-version":[{"id":1722,"href":"https:\/\/levangilealecran.com\/index.php?rest_route=\/wp\/v2\/posts\/1719\/revisions\/1722"}],"wp:attachment":[{"href":"https:\/\/levangilealecran.com\/index.php?rest_route=%2Fwp%2Fv2%2Fmedia&parent=1719"}],"wp:term":[{"taxonomy":"category","embeddable":true,"href":"https:\/\/levangilealecran.com\/index.php?rest_route=%2Fwp%2Fv2%2Fcategories&post=1719"},{"taxonomy":"post_tag","embeddable":true,"href":"https:\/\/levangilealecran.com\/index.php?rest_route=%2Fwp%2Fv2%2Ftags&post=1719"}],"curies":[{"name":"wp","href":"https:\/\/api.w.org\/{rel}","templated":true}]}}