{"id":1700,"date":"2019-06-07T08:00:20","date_gmt":"2019-06-07T06:00:20","guid":{"rendered":"http:\/\/levangilealecran.com?p=1700"},"modified":"2019-06-07T23:24:44","modified_gmt":"2019-06-07T21:24:44","slug":"dimanche-de-pentecote-c","status":"publish","type":"post","link":"https:\/\/levangilealecran.com\/?p=1700","title":{"rendered":"Dimanche de Pentec\u00f4te \u2014 C"},"content":{"rendered":"<div data-contents=\"true\">\n<div class=\"\" data-block=\"true\" data-editor=\"4kggv\" data-offset-key=\"9ffje-0-0\">\n<blockquote>\n<div class=\"_1mf _1mj\" data-offset-key=\"9ffje-0-0\"><span data-offset-key=\"9ffje-0-0\">\u00ab Moi, je prierai le P\u00e8re, et il vous donnera un autre D\u00e9fenseur qui sera pour toujours avec vous. \u00bb Jean 14, 16<\/span><\/div>\n<\/blockquote>\n<\/div>\n<div class=\"\" data-block=\"true\" data-editor=\"4kggv\" data-offset-key=\"4aaue-0-0\">\n<div class=\"_1mf _1mj\" data-offset-key=\"4aaue-0-0\"><span data-offset-key=\"4aaue-0-0\"><a title=\"\" href=\"http:\/\/levangilealecran.comwp-content\/uploads\/2019\/06\/20190609_Jn1416.png\"><img loading=\"lazy\" decoding=\"async\" class=\"aligncenter size-medium wp-image-1703\" title=\"\" src=\"http:\/\/levangilealecran.comwp-content\/uploads\/2019\/06\/20190609_Jn1416-300x300.png\" alt=\"\" width=\"300\" height=\"300\" srcset=\"https:\/\/levangilealecran.com\/wp-content\/uploads\/2019\/06\/20190609_Jn1416-300x300.png 300w, https:\/\/levangilealecran.com\/wp-content\/uploads\/2019\/06\/20190609_Jn1416-150x150.png 150w, https:\/\/levangilealecran.com\/wp-content\/uploads\/2019\/06\/20190609_Jn1416-768x768.png 768w, https:\/\/levangilealecran.com\/wp-content\/uploads\/2019\/06\/20190609_Jn1416-1024x1024.png 1024w, https:\/\/levangilealecran.com\/wp-content\/uploads\/2019\/06\/20190609_Jn1416-600x600.png 600w, https:\/\/levangilealecran.com\/wp-content\/uploads\/2019\/06\/20190609_Jn1416.png 1200w\" sizes=\"auto, (max-width: 300px) 100vw, 300px\" \/><\/a><\/span><\/div>\n<\/div>\n<div class=\"\" data-block=\"true\" data-editor=\"4kggv\" data-offset-key=\"3406f-0-0\">\n<div class=\"_1mf _1mj\" data-offset-key=\"3406f-0-0\"><strong>&gt; Ce dimanche nous f\u00eatons la pentec\u00f4te : 50 jours apr\u00e8s P\u00e2ques. Le P\u00e8re par le Fils nous fait le don de l\u2019Esprit Saint. Re\u00e7u lors de notre bapt\u00eame nous nous rappelons qu\u2019apr\u00e8s le sacrifice ultime de J\u00e9sus sur la Croix, Dieu le P\u00e8re continue de se r\u00e9v\u00e9ler \u00e0 nous par son Esprit. Pour toujours Il habite en nous et l\u2019\u00c9vangile de ce jour nous rassure : il est notre d\u00e9fenseur, intercesseur, et consolateur !<\/strong><\/div>\n<\/div>\n<div class=\"\" data-block=\"true\" data-editor=\"4kggv\" data-offset-key=\"11t8u-0-0\">\n<div class=\"_1mf _1mj\" data-offset-key=\"11t8u-0-0\"><strong>\u00a0<\/strong><\/div>\n<\/div>\n<div class=\"\" data-block=\"true\" data-editor=\"4kggv\" data-offset-key=\"5ms11-0-0\">\n<div class=\"_1mf _1mj\" data-offset-key=\"5ms11-0-0\"><strong>Et comment agit-il pour nous d\u00e9fendre ? Il nous rappelle, parfois avec douceur, parfois avec force, les enseignements et les commandements du Christ.<\/strong><\/div>\n<\/div>\n<div class=\"\" data-block=\"true\" data-editor=\"4kggv\" data-offset-key=\"6jc1f-0-0\">\n<div class=\"_1mf _1mj\" data-offset-key=\"6jc1f-0-0\"><strong>\u00ab Si quelqu\u2019un m\u2019aime, il gardera ma parole \u00bb lit-on aussi. Ce n\u2019est pas une condition \u00e0 l\u2019amour de Dieu, mais \u00e0 recevoir comme \u00ab puisque vous m\u2019aimez, vous aurez envie de me suivre \u00bb. C\u2019est un rappel de ce qu\u2019ont v\u00e9cu les Isra\u00e9lites dans le d\u00e9sert alors que Dieu se pr\u00e9sente \u00e0 eux sous la forme de la nu\u00e9e \u00e0 suivre.<\/strong><\/div>\n<\/div>\n<div class=\"\" data-block=\"true\" data-editor=\"4kggv\" data-offset-key=\"drsts-0-0\">\n<div class=\"_1mf _1mj\" data-offset-key=\"drsts-0-0\"><strong>\u00a0<\/strong><\/div>\n<\/div>\n<div class=\"\" data-block=\"true\" data-editor=\"4kggv\" data-offset-key=\"935eb-0-0\">\n<div class=\"_1mf _1mj\" data-offset-key=\"935eb-0-0\"><strong>&gt; Cette semaine faisons m\u00e9moire de notre bapt\u00eame et redisons au Christ que nous l\u2019accueillons dans notre temple, notre coeur. Arr\u00eatons-nous un instant pour trouver le chemin que nous indique la nu\u00e9e de l\u2019Esprit, et suivons-le, c\u2019est un chemin de Vie.<\/strong><\/div>\n<\/div>\n<\/div>\n","protected":false},"excerpt":{"rendered":"<p>\u00ab Moi, je prierai le P\u00e8re, et il vous donnera un autre D\u00e9fenseur qui sera pour toujours avec vous. \u00bb Jean 14, 16 &gt; Ce dimanche nous f\u00eatons la pentec\u00f4te : 50 jours apr\u00e8s P\u00e2ques. Le P\u00e8re par le Fils nous fait le don de l\u2019Esprit Saint. Re\u00e7u lors de notre bapt\u00eame nous nous rappelons qu\u2019apr\u00e8s le sacrifice ultime de J\u00e9sus sur la Croix, Dieu le P\u00e8re continue de se r\u00e9v\u00e9ler \u00e0 nous par son Esprit. Pour toujours Il habite en nous et l\u2019\u00c9vangile de ce jour nous rassure : il est notre d\u00e9fenseur, intercesseur, et consolateur ! \u00a0 Et comment agit-il pour nous d\u00e9fendre ? Il nous rappelle, parfois \u2026 <a class=\"continue-reading-link\" href=\"https:\/\/levangilealecran.com\/?p=1700\"> Continue reading <span class=\"meta-nav\">&rarr; <\/span><\/a><\/p>\n","protected":false},"author":2006,"featured_media":0,"comment_status":"open","ping_status":"open","sticky":false,"template":"","format":"standard","meta":{"footnotes":""},"categories":[4,24,5,73,74],"tags":[86,87,232],"class_list":["post-1700","post","type-post","status-publish","format-standard","hentry","category-dimanche","category-fetes","category-jean","category-paques","category-temps-pascal","tag-esprit-saint","tag-pentecote","tag-suivre"],"_links":{"self":[{"href":"https:\/\/levangilealecran.com\/index.php?rest_route=\/wp\/v2\/posts\/1700","targetHints":{"allow":["GET"]}}],"collection":[{"href":"https:\/\/levangilealecran.com\/index.php?rest_route=\/wp\/v2\/posts"}],"about":[{"href":"https:\/\/levangilealecran.com\/index.php?rest_route=\/wp\/v2\/types\/post"}],"author":[{"embeddable":true,"href":"https:\/\/levangilealecran.com\/index.php?rest_route=\/wp\/v2\/users\/2006"}],"replies":[{"embeddable":true,"href":"https:\/\/levangilealecran.com\/index.php?rest_route=%2Fwp%2Fv2%2Fcomments&post=1700"}],"version-history":[{"count":2,"href":"https:\/\/levangilealecran.com\/index.php?rest_route=\/wp\/v2\/posts\/1700\/revisions"}],"predecessor-version":[{"id":1704,"href":"https:\/\/levangilealecran.com\/index.php?rest_route=\/wp\/v2\/posts\/1700\/revisions\/1704"}],"wp:attachment":[{"href":"https:\/\/levangilealecran.com\/index.php?rest_route=%2Fwp%2Fv2%2Fmedia&parent=1700"}],"wp:term":[{"taxonomy":"category","embeddable":true,"href":"https:\/\/levangilealecran.com\/index.php?rest_route=%2Fwp%2Fv2%2Fcategories&post=1700"},{"taxonomy":"post_tag","embeddable":true,"href":"https:\/\/levangilealecran.com\/index.php?rest_route=%2Fwp%2Fv2%2Ftags&post=1700"}],"curies":[{"name":"wp","href":"https:\/\/api.w.org\/{rel}","templated":true}]}}