{"id":1694,"date":"2019-05-31T18:52:19","date_gmt":"2019-05-31T16:52:19","guid":{"rendered":"http:\/\/levangilealecran.com?p=1694"},"modified":"2019-06-03T13:11:00","modified_gmt":"2019-06-03T11:11:00","slug":"7e-dimanche-de-paques","status":"publish","type":"post","link":"https:\/\/levangilealecran.com\/?p=1694","title":{"rendered":"7e Dimanche de P\u00e2ques"},"content":{"rendered":"<blockquote class=\"\">\n<div class=\"\">\n<div class=\"\">\n<div class=\"\"><span class=\"\"><i class=\"\">\u00ab\u00a0(\u2026) Qu\u2019ils soient un comme nous sommes un, moi en eux comme toi en moi, pour qu\u2019ils parviennent \u00e0 l\u2019unit\u00e9 parfaite et qu\u2019ainsi le monde puisse conna\u00eetre que c\u2019est toi qui m\u2019as envoy\u00e9 et que tu les as aim\u00e9s comme tu m\u2019as aim\u00e9.\u00a0\u00bb (Jn 17, 22b-23)<\/i><\/span><\/div>\n<\/div>\n<\/div>\n<\/blockquote>\n<div>\n<div class=\"\"><strong><span class=\"\">&gt; Apprendre \u00e0 voir plus loin, et accueillir tout au fond de soi cette pri\u00e8re de J\u00e9sus. Qui prie le P\u00e8re pour chacune et chacun de nous qui croyons en lui. Qui nous rappelle combien il est important de se d\u00e9couvrir unis, en lui. Au-del\u00e0 ce qui semble nous s\u00e9parer mais qui n\u2019est qu\u2019illusion.<\/span><\/strong><\/div>\n<div class=\"\"><strong>\u00a0<\/strong><\/div>\n<div class=\"\"><strong><span class=\"\">Nous sommes uns, et nous devons unir nos forces, nos enthousiasmes, notre cr\u00e9ativit\u00e9, pour le manifester. Et ainsi aider le monde \u00e0 y croire. A croire que le Christ est l\u2019envoy\u00e9 du P\u00e8re qui nous d\u00e9couvre la r\u00e9alit\u00e9 autrement.<\/span><\/strong><\/div>\n<div class=\"\"><strong>\u00a0<\/strong><\/div>\n<div class=\"\"><strong><span class=\"\">Apprendre \u00e0 voir plus loin, et accueillir tout au fond de soi l\u2019amour de Dieu. Qui nous aime comme il a aim\u00e9 J\u00e9sus. Recevoir cet amour pour qu\u2019il soit en nous et change notre regard. Pour voir plus loin, plus haut, plus profond.<\/span><\/strong><\/div>\n<div class=\"\"><strong>\u00a0<\/strong><\/div>\n<div class=\"\"><strong><span class=\"\">Et ainsi apprendre \u00e0 voir que nous sommes avec J\u00e9sus, partout o\u00f9 il est. En contemplant sa gloire qui n\u2019est rien d\u2019autre que l\u2019amour manifest\u00e9, v\u00e9cu, r\u00e9alis\u00e9. En nous, autour de nous.<\/span><\/strong><\/div>\n<div class=\"\"><strong>\u00a0<\/strong><\/div>\n<div class=\"\"><strong><span class=\"\">Apprendre \u00e0 voir plus loin pour r\u00e9aliser qu\u2019\u00e0 l\u2019Ascension, J\u00e9sus n\u2019est pas seulement parti aupr\u00e8s du P\u00e8re, mais qu\u2019il est aussi parti habiter le coeur de notre coeur. Qu\u2019il est en nous, par son amour.<\/span><\/strong><\/div>\n<div class=\"\"><strong>\u00a0<\/strong><\/div>\n<div class=\"\"><strong><span class=\"\">Ainsi, d\u00e9j\u00e0, en apprenant \u00e0 voir plus loin, nous d\u00e9couvrons la pr\u00e9sence de l\u2019Esprit promis \u00e0 la Pentec\u00f4te.<\/span><\/strong><\/div>\n<\/div>\n","protected":false},"excerpt":{"rendered":"<p>\u00ab\u00a0(\u2026) Qu\u2019ils soient un comme nous sommes un, moi en eux comme toi en moi, pour qu\u2019ils parviennent \u00e0 l\u2019unit\u00e9 parfaite et qu\u2019ainsi le monde puisse conna\u00eetre que c\u2019est toi qui m\u2019as envoy\u00e9 et que tu les as aim\u00e9s comme tu m\u2019as aim\u00e9.\u00a0\u00bb (Jn 17, 22b-23) &gt; Apprendre \u00e0 voir plus loin, et accueillir tout au fond de soi cette pri\u00e8re de J\u00e9sus. Qui prie le P\u00e8re pour chacune et chacun de nous qui croyons en lui. Qui nous rappelle combien il est important de se d\u00e9couvrir unis, en lui. Au-del\u00e0 ce qui semble nous s\u00e9parer mais qui n\u2019est qu\u2019illusion. \u00a0 Nous sommes uns, et nous devons unir nos forces, \u2026 <a class=\"continue-reading-link\" href=\"https:\/\/levangilealecran.com\/?p=1694\"> Continue reading <span class=\"meta-nav\">&rarr; <\/span><\/a><\/p>\n","protected":false},"author":1,"featured_media":0,"comment_status":"open","ping_status":"open","sticky":false,"template":"","format":"standard","meta":{"footnotes":""},"categories":[4,5,73],"tags":[],"class_list":["post-1694","post","type-post","status-publish","format-standard","hentry","category-dimanche","category-jean","category-paques"],"_links":{"self":[{"href":"https:\/\/levangilealecran.com\/index.php?rest_route=\/wp\/v2\/posts\/1694","targetHints":{"allow":["GET"]}}],"collection":[{"href":"https:\/\/levangilealecran.com\/index.php?rest_route=\/wp\/v2\/posts"}],"about":[{"href":"https:\/\/levangilealecran.com\/index.php?rest_route=\/wp\/v2\/types\/post"}],"author":[{"embeddable":true,"href":"https:\/\/levangilealecran.com\/index.php?rest_route=\/wp\/v2\/users\/1"}],"replies":[{"embeddable":true,"href":"https:\/\/levangilealecran.com\/index.php?rest_route=%2Fwp%2Fv2%2Fcomments&post=1694"}],"version-history":[{"count":4,"href":"https:\/\/levangilealecran.com\/index.php?rest_route=\/wp\/v2\/posts\/1694\/revisions"}],"predecessor-version":[{"id":1698,"href":"https:\/\/levangilealecran.com\/index.php?rest_route=\/wp\/v2\/posts\/1694\/revisions\/1698"}],"wp:attachment":[{"href":"https:\/\/levangilealecran.com\/index.php?rest_route=%2Fwp%2Fv2%2Fmedia&parent=1694"}],"wp:term":[{"taxonomy":"category","embeddable":true,"href":"https:\/\/levangilealecran.com\/index.php?rest_route=%2Fwp%2Fv2%2Fcategories&post=1694"},{"taxonomy":"post_tag","embeddable":true,"href":"https:\/\/levangilealecran.com\/index.php?rest_route=%2Fwp%2Fv2%2Ftags&post=1694"}],"curies":[{"name":"wp","href":"https:\/\/api.w.org\/{rel}","templated":true}]}}