{"id":1692,"date":"2019-05-25T23:38:36","date_gmt":"2019-05-25T21:38:36","guid":{"rendered":"http:\/\/levangilealecran.com?p=1692"},"modified":"2019-05-25T23:39:00","modified_gmt":"2019-05-25T21:39:00","slug":"6e-dimanche-de-paques-c-3","status":"publish","type":"post","link":"https:\/\/levangilealecran.com\/?p=1692","title":{"rendered":"6e dimanche de P\u00e2ques \u2013 C"},"content":{"rendered":"<p><em>\u00ab Je vous laisse la paix, je vous donne ma paix ; ce n\u2019est pas \u00e0 la mani\u00e8re du monde que je vous la donne.\u00a0Que votre c\u0153ur ne soit pas boulevers\u00e9 ni effray\u00e9. \u00bb Jean 14,27<\/em><\/p>\n<p><strong>&gt;C\u2019est une paix particuli\u00e8re que J\u00e9sus veut nous donner, nous n\u2019y sommes tellement pas habitu\u00e9s que nous risquons m\u00eame d\u2019en \u00eatre effray\u00e9s !<\/strong><\/p>\n<div class=\"text_exposed_show\">\n<p><strong>Quelle est cette paix particuli\u00e8re? Elle \u00e9maille l\u2019Evangile \u00e0 travers le discours r\u00e9volutionnaire de J\u00e9sus, ce discours simple mais radical du \u00ab aimez-vous les uns les autres \u00bb, celui des B\u00e9atitudes, cet appel au don de soi. C\u2019est tout sauf une paix de fa\u00e7ade et c\u2019est tout l\u2019\u00eatre qui en est transform\u00e9, boulevers\u00e9 en se voyant appel\u00e9 \u00e0 s\u2019engager sans demi-mesure.<\/strong><\/p>\n<p><strong>Mais ce don de la paix c\u2019est aussi le don de l\u2019Esprit que J\u00e9sus nous fait. Ce souffle qui met en mouvement les ap\u00f4tres \u00e0 la Pentec\u00f4te et les extirpe de leurs craintes pour annoncer ce qu\u2019ils ont vu et entendu au monde.<\/strong><\/p>\n<p><strong>Que cet Esprit qui nous habite soit pour nous aussi source incessante de se mettre \u00e0 la suite du Christ, d\u00e9sir pressant de paix profonde \u00e0 son image.<\/strong><\/p>\n<\/div>\n","protected":false},"excerpt":{"rendered":"<p>\u00ab Je vous laisse la paix, je vous donne ma paix ; ce n\u2019est pas \u00e0 la mani\u00e8re du monde que je vous la donne.\u00a0Que votre c\u0153ur ne soit pas boulevers\u00e9 ni effray\u00e9. \u00bb Jean 14,27 &gt;C\u2019est une paix particuli\u00e8re que J\u00e9sus veut nous donner, nous n\u2019y sommes tellement pas habitu\u00e9s que nous risquons m\u00eame d\u2019en \u00eatre effray\u00e9s ! Quelle est cette paix particuli\u00e8re? Elle \u00e9maille l\u2019Evangile \u00e0 travers le discours r\u00e9volutionnaire de J\u00e9sus, ce discours simple mais radical du \u00ab aimez-vous les uns les autres \u00bb, celui des B\u00e9atitudes, cet appel au don de soi. C\u2019est tout sauf une paix de fa\u00e7ade et c\u2019est tout l\u2019\u00eatre qui en est \u2026 <a class=\"continue-reading-link\" href=\"https:\/\/levangilealecran.com\/?p=1692\"> Continue reading <span class=\"meta-nav\">&rarr; <\/span><\/a><\/p>\n","protected":false},"author":1,"featured_media":0,"comment_status":"open","ping_status":"open","sticky":false,"template":"","format":"standard","meta":{"footnotes":""},"categories":[1],"tags":[],"class_list":["post-1692","post","type-post","status-publish","format-standard","hentry","category-sanscategorie"],"_links":{"self":[{"href":"https:\/\/levangilealecran.com\/index.php?rest_route=\/wp\/v2\/posts\/1692","targetHints":{"allow":["GET"]}}],"collection":[{"href":"https:\/\/levangilealecran.com\/index.php?rest_route=\/wp\/v2\/posts"}],"about":[{"href":"https:\/\/levangilealecran.com\/index.php?rest_route=\/wp\/v2\/types\/post"}],"author":[{"embeddable":true,"href":"https:\/\/levangilealecran.com\/index.php?rest_route=\/wp\/v2\/users\/1"}],"replies":[{"embeddable":true,"href":"https:\/\/levangilealecran.com\/index.php?rest_route=%2Fwp%2Fv2%2Fcomments&post=1692"}],"version-history":[{"count":1,"href":"https:\/\/levangilealecran.com\/index.php?rest_route=\/wp\/v2\/posts\/1692\/revisions"}],"predecessor-version":[{"id":1693,"href":"https:\/\/levangilealecran.com\/index.php?rest_route=\/wp\/v2\/posts\/1692\/revisions\/1693"}],"wp:attachment":[{"href":"https:\/\/levangilealecran.com\/index.php?rest_route=%2Fwp%2Fv2%2Fmedia&parent=1692"}],"wp:term":[{"taxonomy":"category","embeddable":true,"href":"https:\/\/levangilealecran.com\/index.php?rest_route=%2Fwp%2Fv2%2Fcategories&post=1692"},{"taxonomy":"post_tag","embeddable":true,"href":"https:\/\/levangilealecran.com\/index.php?rest_route=%2Fwp%2Fv2%2Ftags&post=1692"}],"curies":[{"name":"wp","href":"https:\/\/api.w.org\/{rel}","templated":true}]}}