{"id":1686,"date":"2019-05-10T13:05:40","date_gmt":"2019-05-10T11:05:40","guid":{"rendered":"http:\/\/levangilealecran.com?p=1686"},"modified":"2019-05-10T13:05:40","modified_gmt":"2019-05-10T11:05:40","slug":"4e-dimanche-de-paques-c-2","status":"publish","type":"post","link":"https:\/\/levangilealecran.com\/?p=1686","title":{"rendered":"4e dimanche de P\u00e2ques &#8211; C"},"content":{"rendered":"<blockquote><p>Mes brebis \u00e9coutent ma voix. Moi, je les connais et elles me suivent. (Jean 20,27)<\/p><\/blockquote>\n<p><strong>&gt; J\u00e9sus conna\u00eet ses brebis \u2013 une connaissance, au sens biblique, qui n\u2019est pas un savoir intellectuel mais repose sur une exp\u00e9rience v\u00e9cue. \u201cMoi, je les connais\u201d, une phrase qui valorise la dimension personnelle, plus qu\u2019un simple \u201cje les connais\u00a0\u00bb ! Comme il est bon d\u2019entendre que nous ne sommes pas des num\u00e9ros pour J\u00e9sus !<span class=\"text_exposed_show\"><br \/>\n<\/span><\/strong><\/p>\n<p><strong><span class=\"text_exposed_show\">Dans les h\u00f4pitaux o\u00f9 je travaille, j\u2019entends si souvent cela : \u00ab Oh je suis juste la pneumonie de la chambre 234 ! Les soignants font leur boulot et sont gentils, mais je n\u2019ai pas l\u2019impression qu\u2019ils savent ce qui a du poids et de la valeur pour moi\u2026. \u00bb\u00a0M\u00eame si nous pouvons avoir le sentiment d\u2019\u00eatre une \u00eele oubli\u00e9e et qui si souvent peine aussi \u00e0 nous comprendre nous-m\u00eame, nous savons que J\u00e9sus lui, a de nous une connaissance sensible et intuitive.\u00a0<\/span><\/strong><\/p>\n<p><strong><span class=\"text_exposed_show\">A nous de nous mettre \u00e0 la suite de cet appel \u00e0 nous aimer nous-m\u00eame &#8230; puis les autres.<\/span><\/strong><\/p>\n","protected":false},"excerpt":{"rendered":"<p>Mes brebis \u00e9coutent ma voix. Moi, je les connais et elles me suivent. (Jean 20,27) &gt; J\u00e9sus conna\u00eet ses brebis \u2013 une connaissance, au sens biblique, qui n\u2019est pas un savoir intellectuel mais repose sur une exp\u00e9rience v\u00e9cue. \u201cMoi, je les connais\u201d, une phrase qui valorise la dimension personnelle, plus qu\u2019un simple \u201cje les connais\u00a0\u00bb ! Comme il est bon d\u2019entendre que nous ne sommes pas des num\u00e9ros pour J\u00e9sus ! Dans les h\u00f4pitaux o\u00f9 je travaille, j\u2019entends si souvent cela : \u00ab Oh je suis juste la pneumonie de la chambre 234 ! Les soignants font leur boulot et sont gentils, mais je n\u2019ai pas l\u2019impression qu\u2019ils savent ce \u2026 <a class=\"continue-reading-link\" href=\"https:\/\/levangilealecran.com\/?p=1686\"> Continue reading <span class=\"meta-nav\">&rarr; <\/span><\/a><\/p>\n","protected":false},"author":2006,"featured_media":0,"comment_status":"open","ping_status":"open","sticky":false,"template":"","format":"standard","meta":{"footnotes":""},"categories":[4,5],"tags":[16,125,645],"class_list":["post-1686","post","type-post","status-publish","format-standard","hentry","category-dimanche","category-jean","tag-amour","tag-brebis","tag-valeur"],"_links":{"self":[{"href":"https:\/\/levangilealecran.com\/index.php?rest_route=\/wp\/v2\/posts\/1686","targetHints":{"allow":["GET"]}}],"collection":[{"href":"https:\/\/levangilealecran.com\/index.php?rest_route=\/wp\/v2\/posts"}],"about":[{"href":"https:\/\/levangilealecran.com\/index.php?rest_route=\/wp\/v2\/types\/post"}],"author":[{"embeddable":true,"href":"https:\/\/levangilealecran.com\/index.php?rest_route=\/wp\/v2\/users\/2006"}],"replies":[{"embeddable":true,"href":"https:\/\/levangilealecran.com\/index.php?rest_route=%2Fwp%2Fv2%2Fcomments&post=1686"}],"version-history":[{"count":1,"href":"https:\/\/levangilealecran.com\/index.php?rest_route=\/wp\/v2\/posts\/1686\/revisions"}],"predecessor-version":[{"id":1687,"href":"https:\/\/levangilealecran.com\/index.php?rest_route=\/wp\/v2\/posts\/1686\/revisions\/1687"}],"wp:attachment":[{"href":"https:\/\/levangilealecran.com\/index.php?rest_route=%2Fwp%2Fv2%2Fmedia&parent=1686"}],"wp:term":[{"taxonomy":"category","embeddable":true,"href":"https:\/\/levangilealecran.com\/index.php?rest_route=%2Fwp%2Fv2%2Fcategories&post=1686"},{"taxonomy":"post_tag","embeddable":true,"href":"https:\/\/levangilealecran.com\/index.php?rest_route=%2Fwp%2Fv2%2Ftags&post=1686"}],"curies":[{"name":"wp","href":"https:\/\/api.w.org\/{rel}","templated":true}]}}