{"id":1681,"date":"2019-05-03T08:00:06","date_gmt":"2019-05-03T06:00:06","guid":{"rendered":"http:\/\/levangilealecran.com?p=1681"},"modified":"2019-05-02T16:48:53","modified_gmt":"2019-05-02T14:48:53","slug":"3e-dimanche-de-paques-c-2","status":"publish","type":"post","link":"https:\/\/levangilealecran.com\/?p=1681","title":{"rendered":"3e dimanche de P\u00e2ques \u2013 C"},"content":{"rendered":"<blockquote><p>\u00ab\u00a0Jetez le filet \u00e0 droite de la barque, et vous trouverez.\u00a0\u00bb (Jean 21, 6)<\/p><\/blockquote>\n<p><a title=\"\" href=\"http:\/\/levangilealecran.comwp-content\/uploads\/2019\/05\/20190505_Jn216.png\"><img loading=\"lazy\" decoding=\"async\" class=\"aligncenter size-medium wp-image-1682\" title=\"\" src=\"http:\/\/levangilealecran.comwp-content\/uploads\/2019\/05\/20190505_Jn216-300x300.png\" alt=\"\" width=\"300\" height=\"300\" srcset=\"https:\/\/levangilealecran.com\/wp-content\/uploads\/2019\/05\/20190505_Jn216-300x300.png 300w, https:\/\/levangilealecran.com\/wp-content\/uploads\/2019\/05\/20190505_Jn216-150x150.png 150w, https:\/\/levangilealecran.com\/wp-content\/uploads\/2019\/05\/20190505_Jn216-768x768.png 768w, https:\/\/levangilealecran.com\/wp-content\/uploads\/2019\/05\/20190505_Jn216-1024x1024.png 1024w, https:\/\/levangilealecran.com\/wp-content\/uploads\/2019\/05\/20190505_Jn216-600x600.png 600w, https:\/\/levangilealecran.com\/wp-content\/uploads\/2019\/05\/20190505_Jn216.png 1200w\" sizes=\"auto, (max-width: 300px) 100vw, 300px\" \/><\/a><\/p>\n<p><strong>&gt; Avez-vous d\u00e9j\u00e0 eu une impression de d\u00e9j\u00e0-vu\u00a0? Un vague sentiment d\u2019avoir d\u00e9j\u00e0 r\u00e9p\u00e9t\u00e9 les m\u00eames gestes, entendu et dit les m\u00eames mots, dans un m\u00eame lieu\u00a0? Eh bien c\u2019est l\u2019effet que cela m\u2019a fait en lisant l\u2019\u00e9vangile de ce dimanche qui parle d\u2019une p\u00eache non fructueuse rendue miraculeuse par un inconnu qui se trouve \u00eatre J\u00e9sus.<\/strong><\/p>\n<p><strong>Mais il ne s\u2019agit l\u00e0 pas d\u2019un d\u00e9j\u00e0-vu, mais d\u2019un d\u00e9j\u00e0 v\u00e9cu\u00a0! En effet, pour les disciples il s&rsquo;agit d&rsquo;une deuxi\u00e8me p\u00eache miraculeuse. Le premier r\u00e9cit ayant eu lieu avant la mort de J\u00e9sus, au moment de leur appel par le Christ \u00e0 changer de m\u00e9tier pour p\u00eacher non plus des poissons mais des hommes. Le deuxi\u00e8me \u2013 le passage de ce dimanche \u2013 a lieu apr\u00e8s la r\u00e9surrection de J\u00e9sus. Pourtant, alors m\u00eame qu\u2019ils avaient rencontr\u00e9 le Christ ressuscit\u00e9, que celui-ci venait de les envoyer annoncer la nouvelle (Jean 20,22-23), il est \u00e9tonnant que les disciples retournent purement et simplement \u00e0 leur ancienne occupation\u2026 en vain cependant. Ils travaill\u00e8rent toute la nuit et ne prirent rien. La nuit est symbole de t\u00e9n\u00e8bres, de nos \u00e9checs. C\u2019est au petit jour que J\u00e9sus vient, apportant avec la lumi\u00e8re le succ\u00e8s. Les disciples n\u2019avaient d\u2019abord pas reconnu J\u00e9sus. Mais en recevant le conseil de l\u2019inconnu et en refaisant les m\u00eames gestes que lors du premier miracle, alors ils reconnaissent J\u00e9sus !<\/strong><\/p>\n<p><strong>Par-l\u00e0, le Christ nous montre sa fid\u00e9lit\u00e9 par les exploits qu\u2019il r\u00e9alise pour nous, m\u00eame s\u2019il doit refaire deux fois le m\u00eame miracle pour se rappeler \u00e0 nous.<\/strong><\/p>\n<p><strong>&gt; Puissions-nous recevoir ce texte comme un appel \u00e0 faire ce qu\u2019on pense juste pour Dieu, m\u00eame si nous n\u2019y arrivons pas tout de suite ou m\u00eame apr\u00e8s une longue nuit\u2026 le jour vient et le Seigneur nous dit\u00a0: \u00ab\u00a0Jetez le filet \u00e0 droite de la barque, et vous trouverez.\u00a0\u00bb.<\/strong><\/p>\n","protected":false},"excerpt":{"rendered":"<p>\u00ab\u00a0Jetez le filet \u00e0 droite de la barque, et vous trouverez.\u00a0\u00bb (Jean 21, 6) &gt; Avez-vous d\u00e9j\u00e0 eu une impression de d\u00e9j\u00e0-vu\u00a0? Un vague sentiment d\u2019avoir d\u00e9j\u00e0 r\u00e9p\u00e9t\u00e9 les m\u00eames gestes, entendu et dit les m\u00eames mots, dans un m\u00eame lieu\u00a0? Eh bien c\u2019est l\u2019effet que cela m\u2019a fait en lisant l\u2019\u00e9vangile de ce dimanche qui parle d\u2019une p\u00eache non fructueuse rendue miraculeuse par un inconnu qui se trouve \u00eatre J\u00e9sus. Mais il ne s\u2019agit l\u00e0 pas d\u2019un d\u00e9j\u00e0-vu, mais d\u2019un d\u00e9j\u00e0 v\u00e9cu\u00a0! En effet, pour les disciples il s&rsquo;agit d&rsquo;une deuxi\u00e8me p\u00eache miraculeuse. Le premier r\u00e9cit ayant eu lieu avant la mort de J\u00e9sus, au moment de leur appel \u2026 <a class=\"continue-reading-link\" href=\"https:\/\/levangilealecran.com\/?p=1681\"> Continue reading <span class=\"meta-nav\">&rarr; <\/span><\/a><\/p>\n","protected":false},"author":2006,"featured_media":0,"comment_status":"open","ping_status":"open","sticky":false,"template":"","format":"standard","meta":{"footnotes":""},"categories":[4,24,5,73,74],"tags":[337,407,688],"class_list":["post-1681","post","type-post","status-publish","format-standard","hentry","category-dimanche","category-fetes","category-jean","category-paques","category-temps-pascal","tag-croire","tag-envoi","tag-perseverer"],"_links":{"self":[{"href":"https:\/\/levangilealecran.com\/index.php?rest_route=\/wp\/v2\/posts\/1681","targetHints":{"allow":["GET"]}}],"collection":[{"href":"https:\/\/levangilealecran.com\/index.php?rest_route=\/wp\/v2\/posts"}],"about":[{"href":"https:\/\/levangilealecran.com\/index.php?rest_route=\/wp\/v2\/types\/post"}],"author":[{"embeddable":true,"href":"https:\/\/levangilealecran.com\/index.php?rest_route=\/wp\/v2\/users\/2006"}],"replies":[{"embeddable":true,"href":"https:\/\/levangilealecran.com\/index.php?rest_route=%2Fwp%2Fv2%2Fcomments&post=1681"}],"version-history":[{"count":2,"href":"https:\/\/levangilealecran.com\/index.php?rest_route=\/wp\/v2\/posts\/1681\/revisions"}],"predecessor-version":[{"id":1684,"href":"https:\/\/levangilealecran.com\/index.php?rest_route=\/wp\/v2\/posts\/1681\/revisions\/1684"}],"wp:attachment":[{"href":"https:\/\/levangilealecran.com\/index.php?rest_route=%2Fwp%2Fv2%2Fmedia&parent=1681"}],"wp:term":[{"taxonomy":"category","embeddable":true,"href":"https:\/\/levangilealecran.com\/index.php?rest_route=%2Fwp%2Fv2%2Fcategories&post=1681"},{"taxonomy":"post_tag","embeddable":true,"href":"https:\/\/levangilealecran.com\/index.php?rest_route=%2Fwp%2Fv2%2Ftags&post=1681"}],"curies":[{"name":"wp","href":"https:\/\/api.w.org\/{rel}","templated":true}]}}