{"id":1678,"date":"2019-04-26T17:27:56","date_gmt":"2019-04-26T15:27:56","guid":{"rendered":"http:\/\/levangilealecran.com?p=1678"},"modified":"2019-04-26T17:27:56","modified_gmt":"2019-04-26T15:27:56","slug":"2e-dimanche-de-paques-c-2","status":"publish","type":"post","link":"https:\/\/levangilealecran.com\/?p=1678","title":{"rendered":"2e dimanche de P\u00e2ques \u2013 C"},"content":{"rendered":"<blockquote><p>\u00ab\u00a0Parce que tu m&rsquo;as vu, tu crois. Heureux ceux qui croient sans avoir vu.\u00a0\u00bb (Jn 20, 19-31)<\/p><\/blockquote>\n<p><strong>&gt; Et bien nous en sommes l\u00e0. Nous n&rsquo;avons jamais vu J\u00e9sus en chair et en os et pourtant nous croyons. Alors sommes-nous heureux ? Nous rendons nous compte de la joie qui nous habite ?<\/strong><\/p>\n<p><strong>L&rsquo;octave de P\u00e2ques va se finir en ce dimanche et avons-nous profiter \u00e0 fond de cette joie pascale ? La liturgie nous invite \u00e0 vivre chaque jour la r\u00e9surrection durant l&rsquo;Octave. Y avons-nous go\u00fbt\u00e9 ? O\u00f9 le lundi<span class=\"text_exposed_show\"> de P\u00e2ques \u00e9tant pass\u00e9 nous sommes retourn\u00e9s \u00e0 nos occupations et hop maintenant le car\u00eame est fini et je peux manger ce que je veux et ne plus faire d&rsquo;efforts ?<\/span><\/strong><\/p>\n<div class=\"text_exposed_show\">\n<p><strong>Le car\u00eame est un temps de conversion. C&rsquo;est-\u00e0 dire un temps o\u00f9 nous devons ouvrir notre c\u0153ur. Mais c&rsquo;est un temps qui doit nous mettre en chemin pour vivre l&rsquo;ann\u00e9e pleines de r\u00e9solutions que nous avons pu \u00e9prouver durant ces 40 jours.<\/strong><\/p>\n<p><strong>Alors : haut les coeurs et vivons en femmes et hommes nouveaux !<\/strong><\/p>\n<\/div>\n","protected":false},"excerpt":{"rendered":"<p>\u00ab\u00a0Parce que tu m&rsquo;as vu, tu crois. Heureux ceux qui croient sans avoir vu.\u00a0\u00bb (Jn 20, 19-31) &gt; Et bien nous en sommes l\u00e0. Nous n&rsquo;avons jamais vu J\u00e9sus en chair et en os et pourtant nous croyons. Alors sommes-nous heureux ? Nous rendons nous compte de la joie qui nous habite ? L&rsquo;octave de P\u00e2ques va se finir en ce dimanche et avons-nous profiter \u00e0 fond de cette joie pascale ? La liturgie nous invite \u00e0 vivre chaque jour la r\u00e9surrection durant l&rsquo;Octave. Y avons-nous go\u00fbt\u00e9 ? O\u00f9 le lundi de P\u00e2ques \u00e9tant pass\u00e9 nous sommes retourn\u00e9s \u00e0 nos occupations et hop maintenant le car\u00eame est fini et je \u2026 <a class=\"continue-reading-link\" href=\"https:\/\/levangilealecran.com\/?p=1678\"> Continue reading <span class=\"meta-nav\">&rarr; <\/span><\/a><\/p>\n","protected":false},"author":2006,"featured_media":0,"comment_status":"open","ping_status":"open","sticky":false,"template":"","format":"standard","meta":{"footnotes":""},"categories":[4,5,73],"tags":[47,357,75,686,687],"class_list":["post-1678","post","type-post","status-publish","format-standard","hentry","category-dimanche","category-jean","category-paques","tag-careme-2","tag-conversion","tag-joie","tag-nouveau","tag-resolutions"],"_links":{"self":[{"href":"https:\/\/levangilealecran.com\/index.php?rest_route=\/wp\/v2\/posts\/1678","targetHints":{"allow":["GET"]}}],"collection":[{"href":"https:\/\/levangilealecran.com\/index.php?rest_route=\/wp\/v2\/posts"}],"about":[{"href":"https:\/\/levangilealecran.com\/index.php?rest_route=\/wp\/v2\/types\/post"}],"author":[{"embeddable":true,"href":"https:\/\/levangilealecran.com\/index.php?rest_route=\/wp\/v2\/users\/2006"}],"replies":[{"embeddable":true,"href":"https:\/\/levangilealecran.com\/index.php?rest_route=%2Fwp%2Fv2%2Fcomments&post=1678"}],"version-history":[{"count":1,"href":"https:\/\/levangilealecran.com\/index.php?rest_route=\/wp\/v2\/posts\/1678\/revisions"}],"predecessor-version":[{"id":1679,"href":"https:\/\/levangilealecran.com\/index.php?rest_route=\/wp\/v2\/posts\/1678\/revisions\/1679"}],"wp:attachment":[{"href":"https:\/\/levangilealecran.com\/index.php?rest_route=%2Fwp%2Fv2%2Fmedia&parent=1678"}],"wp:term":[{"taxonomy":"category","embeddable":true,"href":"https:\/\/levangilealecran.com\/index.php?rest_route=%2Fwp%2Fv2%2Fcategories&post=1678"},{"taxonomy":"post_tag","embeddable":true,"href":"https:\/\/levangilealecran.com\/index.php?rest_route=%2Fwp%2Fv2%2Ftags&post=1678"}],"curies":[{"name":"wp","href":"https:\/\/api.w.org\/{rel}","templated":true}]}}