{"id":1675,"date":"2019-04-19T08:00:00","date_gmt":"2019-04-19T06:00:00","guid":{"rendered":"http:\/\/levangilealecran.com?p=1675"},"modified":"2019-04-18T20:41:05","modified_gmt":"2019-04-18T18:41:05","slug":"vendredi-saint-c-2","status":"publish","type":"post","link":"https:\/\/levangilealecran.com\/?p=1675","title":{"rendered":"Vendredi Saint &#8211; C"},"content":{"rendered":"<blockquote><p>\u00ab Et lui-m\u00eame, portant sa croix, sortit en direction du lieu dit Le Cr\u00e2ne (ou Calvaire), qui se dit en h\u00e9breu Golgotha. C\u2019est l\u00e0 qu\u2019ils le crucifi\u00e8rent, et deux autres avec lui, un de chaque c\u00f4t\u00e9, et J\u00e9sus au milieu. \u00bb<br \/>\nJean 19, 17-18<\/p><\/blockquote>\n<p><a href=\"http:\/\/levangilealecran.comwp-content\/uploads\/2019\/04\/ImageEvEcr2019_04_20.jpg\"><img loading=\"lazy\" decoding=\"async\" class=\"aligncenter size-medium wp-image-1676\" src=\"http:\/\/levangilealecran.comwp-content\/uploads\/2019\/04\/ImageEvEcr2019_04_20-300x294.jpg\" alt=\"\" width=\"300\" height=\"294\" srcset=\"https:\/\/levangilealecran.com\/wp-content\/uploads\/2019\/04\/ImageEvEcr2019_04_20-300x294.jpg 300w, https:\/\/levangilealecran.com\/wp-content\/uploads\/2019\/04\/ImageEvEcr2019_04_20-768x752.jpg 768w, https:\/\/levangilealecran.com\/wp-content\/uploads\/2019\/04\/ImageEvEcr2019_04_20-600x588.jpg 600w, https:\/\/levangilealecran.com\/wp-content\/uploads\/2019\/04\/ImageEvEcr2019_04_20-150x147.jpg 150w, https:\/\/levangilealecran.com\/wp-content\/uploads\/2019\/04\/ImageEvEcr2019_04_20-153x150.jpg 153w, https:\/\/levangilealecran.com\/wp-content\/uploads\/2019\/04\/ImageEvEcr2019_04_20.jpg 960w\" sizes=\"auto, (max-width: 300px) 100vw, 300px\" \/><\/a><\/p>\n<p><strong>&gt; Encadr\u00e9 de brigands, J\u00e9sus est crucifi\u00e9. \u00abScandale pour les Juifs et folie pour les pa\u00efens\u00bb, dit Paul dans la Premi\u00e8re Lettre aux Corinthiens. Comment en effet aurait-on pu imaginer que Dieu non seulement se ferait homme mais qu\u2019il mourrait sur une croix ? Cette mort inf\u00e2me qui, chez les Romains \u00e9tait r\u00e9serv\u00e9e \u00e0 ceux qui troublaient l\u2019ordre public, J\u00e9sus l\u2019a pourtant accept\u00e9e, m\u00eame s\u2019il ne la souhaitait pas, en pronon\u00e7ant son \u00abQue ta volont\u00e9 soit faite\u00bb.<\/strong><\/p>\n<p><strong>Ce don qui nous d\u00e9passe, c\u2019est bien \u00e0 nous qu\u2019il est fait, hommes et femmes de 2019. Il est impossible de nous en rendre dignes, mais il est certainement possible de tenter d\u2019en prendre la mesure. Accueillir ce don infini c\u2019est se laisser bouleverser par cette P\u00e2ques qui vient. C&rsquo;est rendre toujours actuelle cette croix et changer sa vie en cons\u00e9quence.<\/strong><\/p>\n<p><strong>Que cette journ\u00e9e soit l\u2019occasion de nous unir \u00e0 la Passion de J\u00e9sus en m\u00e9ditant son r\u00e9cit.<\/strong><\/p>\n","protected":false},"excerpt":{"rendered":"<p>\u00ab Et lui-m\u00eame, portant sa croix, sortit en direction du lieu dit Le Cr\u00e2ne (ou Calvaire), qui se dit en h\u00e9breu Golgotha. C\u2019est l\u00e0 qu\u2019ils le crucifi\u00e8rent, et deux autres avec lui, un de chaque c\u00f4t\u00e9, et J\u00e9sus au milieu. \u00bb Jean 19, 17-18 &gt; Encadr\u00e9 de brigands, J\u00e9sus est crucifi\u00e9. \u00abScandale pour les Juifs et folie pour les pa\u00efens\u00bb, dit Paul dans la Premi\u00e8re Lettre aux Corinthiens. Comment en effet aurait-on pu imaginer que Dieu non seulement se ferait homme mais qu\u2019il mourrait sur une croix ? Cette mort inf\u00e2me qui, chez les Romains \u00e9tait r\u00e9serv\u00e9e \u00e0 ceux qui troublaient l\u2019ordre public, J\u00e9sus l\u2019a pourtant accept\u00e9e, m\u00eame s\u2019il ne \u2026 <a class=\"continue-reading-link\" href=\"https:\/\/levangilealecran.com\/?p=1675\"> Continue reading <span class=\"meta-nav\">&rarr; <\/span><\/a><\/p>\n","protected":false},"author":2006,"featured_media":0,"comment_status":"open","ping_status":"open","sticky":false,"template":"","format":"standard","meta":{"footnotes":""},"categories":[4,24],"tags":[68,92,63,685],"class_list":["post-1675","post","type-post","status-publish","format-standard","hentry","category-dimanche","category-fetes","tag-croix","tag-don","tag-passion","tag-vendredi-saint"],"_links":{"self":[{"href":"https:\/\/levangilealecran.com\/index.php?rest_route=\/wp\/v2\/posts\/1675","targetHints":{"allow":["GET"]}}],"collection":[{"href":"https:\/\/levangilealecran.com\/index.php?rest_route=\/wp\/v2\/posts"}],"about":[{"href":"https:\/\/levangilealecran.com\/index.php?rest_route=\/wp\/v2\/types\/post"}],"author":[{"embeddable":true,"href":"https:\/\/levangilealecran.com\/index.php?rest_route=\/wp\/v2\/users\/2006"}],"replies":[{"embeddable":true,"href":"https:\/\/levangilealecran.com\/index.php?rest_route=%2Fwp%2Fv2%2Fcomments&post=1675"}],"version-history":[{"count":1,"href":"https:\/\/levangilealecran.com\/index.php?rest_route=\/wp\/v2\/posts\/1675\/revisions"}],"predecessor-version":[{"id":1677,"href":"https:\/\/levangilealecran.com\/index.php?rest_route=\/wp\/v2\/posts\/1675\/revisions\/1677"}],"wp:attachment":[{"href":"https:\/\/levangilealecran.com\/index.php?rest_route=%2Fwp%2Fv2%2Fmedia&parent=1675"}],"wp:term":[{"taxonomy":"category","embeddable":true,"href":"https:\/\/levangilealecran.com\/index.php?rest_route=%2Fwp%2Fv2%2Fcategories&post=1675"},{"taxonomy":"post_tag","embeddable":true,"href":"https:\/\/levangilealecran.com\/index.php?rest_route=%2Fwp%2Fv2%2Ftags&post=1675"}],"curies":[{"name":"wp","href":"https:\/\/api.w.org\/{rel}","templated":true}]}}