{"id":1669,"date":"2019-04-12T10:05:33","date_gmt":"2019-04-12T08:05:33","guid":{"rendered":"http:\/\/levangilealecran.com?p=1669"},"modified":"2019-04-12T10:05:33","modified_gmt":"2019-04-12T08:05:33","slug":"dimanche-des-rameaux-et-de-la-passion-du-seigneur-2","status":"publish","type":"post","link":"https:\/\/levangilealecran.com\/?p=1669","title":{"rendered":"Dimanche des Rameaux et de la Passion du Seigneur"},"content":{"rendered":"<blockquote><p>\u00ab Alors que d\u00e9j\u00e0 J\u00e9sus approchait de la descente du mont des Oliviers, toute la foule des disciples, remplie de joie, se mit \u00e0 louer Dieu \u00e0 pleine voix pour tous les miracles qu\u2019ils avaient vus. \u00bb (Luc 19, 37)<\/p><\/blockquote>\n<p><a href=\"http:\/\/levangilealecran.comwp-content\/uploads\/2019\/04\/ImageEvEcr2019_04_14.jpg\"><img loading=\"lazy\" decoding=\"async\" class=\"aligncenter size-medium wp-image-1670\" src=\"http:\/\/levangilealecran.comwp-content\/uploads\/2019\/04\/ImageEvEcr2019_04_14-300x300.jpg\" alt=\"\" width=\"300\" height=\"300\" srcset=\"https:\/\/levangilealecran.com\/wp-content\/uploads\/2019\/04\/ImageEvEcr2019_04_14-300x300.jpg 300w, https:\/\/levangilealecran.com\/wp-content\/uploads\/2019\/04\/ImageEvEcr2019_04_14-150x150.jpg 150w, https:\/\/levangilealecran.com\/wp-content\/uploads\/2019\/04\/ImageEvEcr2019_04_14.jpg 600w\" sizes=\"auto, (max-width: 300px) 100vw, 300px\" \/><\/a><\/p>\n<p><strong>&gt; J\u00e9sus s\u2019approche de J\u00e9rusalem et du mont des Oliviers, lieu de sa Passion. J\u00e9sus se pr\u00e9pare \u00e0 souffrir, mais les disciples, tous, sont l\u00e0, et n&rsquo;imaginent pas ce qui va se passer. Ils sont\u00a0<span class=\"text_exposed_show\">simplement dans la joie, et louent Dieu pour tous les actes de puissance dont ils avaient \u00e9t\u00e9 t\u00e9moins.<\/p>\n<p>La Croix de Vendredi Saint, avec ses souffrances et ses vertiges de malheur, est \u00e0 l\u2019horizon. Mais aujourd\u2019hui, tout en \u00e9tant conscient que nous allons bient\u00f4t devoir l\u2019affronter, nous vous proposons d\u2019\u00eatre simplement dans la joie. Ce qui n\u2019est pas si simple, justement. Etre dans la joie. Et si nous essayions?<\/p>\n<p>Cette semaine, quel \u00e9v\u00e9nement, quelle parole, quelle personne a \u00e9t\u00e9 pour vous source de louange ? Dieu est \u00e0 l\u2019\u0153uvre dans nos vies, louons-le pour cela ! Le mal viendra bien assez t\u00f4t, pour l\u2019instant restons dans la joie. Louons-le !<\/p>\n<p>\u00ab B\u00e9ni soit celui qui vient,<br \/>\nle Roi,<br \/>\nau nom du Seigneur !<br \/>\nPaix dans le ciel<br \/>\net gloire au plus haut des cieux \u00bb<\/span><\/strong><\/p>\n","protected":false},"excerpt":{"rendered":"<p>\u00ab Alors que d\u00e9j\u00e0 J\u00e9sus approchait de la descente du mont des Oliviers, toute la foule des disciples, remplie de joie, se mit \u00e0 louer Dieu \u00e0 pleine voix pour tous les miracles qu\u2019ils avaient vus. \u00bb (Luc 19, 37) &gt; J\u00e9sus s\u2019approche de J\u00e9rusalem et du mont des Oliviers, lieu de sa Passion. J\u00e9sus se pr\u00e9pare \u00e0 souffrir, mais les disciples, tous, sont l\u00e0, et n&rsquo;imaginent pas ce qui va se passer. Ils sont\u00a0simplement dans la joie, et louent Dieu pour tous les actes de puissance dont ils avaient \u00e9t\u00e9 t\u00e9moins. La Croix de Vendredi Saint, avec ses souffrances et ses vertiges de malheur, est \u00e0 l\u2019horizon. Mais aujourd\u2019hui, \u2026 <a class=\"continue-reading-link\" href=\"https:\/\/levangilealecran.com\/?p=1669\"> Continue reading <span class=\"meta-nav\">&rarr; <\/span><\/a><\/p>\n","protected":false},"author":2006,"featured_media":0,"comment_status":"open","ping_status":"open","sticky":false,"template":"","format":"standard","meta":{"footnotes":""},"categories":[4,6],"tags":[68,75,588,59],"class_list":["post-1669","post","type-post","status-publish","format-standard","hentry","category-dimanche","category-luc","tag-croix","tag-joie","tag-louange","tag-rameaux"],"_links":{"self":[{"href":"https:\/\/levangilealecran.com\/index.php?rest_route=\/wp\/v2\/posts\/1669","targetHints":{"allow":["GET"]}}],"collection":[{"href":"https:\/\/levangilealecran.com\/index.php?rest_route=\/wp\/v2\/posts"}],"about":[{"href":"https:\/\/levangilealecran.com\/index.php?rest_route=\/wp\/v2\/types\/post"}],"author":[{"embeddable":true,"href":"https:\/\/levangilealecran.com\/index.php?rest_route=\/wp\/v2\/users\/2006"}],"replies":[{"embeddable":true,"href":"https:\/\/levangilealecran.com\/index.php?rest_route=%2Fwp%2Fv2%2Fcomments&post=1669"}],"version-history":[{"count":1,"href":"https:\/\/levangilealecran.com\/index.php?rest_route=\/wp\/v2\/posts\/1669\/revisions"}],"predecessor-version":[{"id":1671,"href":"https:\/\/levangilealecran.com\/index.php?rest_route=\/wp\/v2\/posts\/1669\/revisions\/1671"}],"wp:attachment":[{"href":"https:\/\/levangilealecran.com\/index.php?rest_route=%2Fwp%2Fv2%2Fmedia&parent=1669"}],"wp:term":[{"taxonomy":"category","embeddable":true,"href":"https:\/\/levangilealecran.com\/index.php?rest_route=%2Fwp%2Fv2%2Fcategories&post=1669"},{"taxonomy":"post_tag","embeddable":true,"href":"https:\/\/levangilealecran.com\/index.php?rest_route=%2Fwp%2Fv2%2Ftags&post=1669"}],"curies":[{"name":"wp","href":"https:\/\/api.w.org\/{rel}","templated":true}]}}