{"id":1662,"date":"2019-03-29T08:00:41","date_gmt":"2019-03-29T07:00:41","guid":{"rendered":"http:\/\/levangilealecran.com?p=1662"},"modified":"2019-03-29T10:42:12","modified_gmt":"2019-03-29T09:42:12","slug":"4e-dimanche-de-careme-c-3","status":"publish","type":"post","link":"https:\/\/levangilealecran.com\/?p=1662","title":{"rendered":"4e dimanche de car\u00eame \u2013 C"},"content":{"rendered":"<blockquote><p>\u00ab\u00a0Toi, mon enfant, tu es toujours avec moi, et tout ce qui est \u00e0 moi est \u00e0 toi.\u00a0\u00bb (Luc 15,\u00a031)<\/p><\/blockquote>\n<p><a title=\"\" href=\"http:\/\/levangilealecran.comwp-content\/uploads\/2019\/03\/20190331_Lc11.png\"><img loading=\"lazy\" decoding=\"async\" class=\"aligncenter size-medium wp-image-1663\" title=\"\" src=\"http:\/\/levangilealecran.comwp-content\/uploads\/2019\/03\/20190331_Lc11-300x300.png\" alt=\"\" width=\"300\" height=\"300\" srcset=\"https:\/\/levangilealecran.com\/wp-content\/uploads\/2019\/03\/20190331_Lc11-300x300.png 300w, https:\/\/levangilealecran.com\/wp-content\/uploads\/2019\/03\/20190331_Lc11-150x150.png 150w, https:\/\/levangilealecran.com\/wp-content\/uploads\/2019\/03\/20190331_Lc11-768x768.png 768w, https:\/\/levangilealecran.com\/wp-content\/uploads\/2019\/03\/20190331_Lc11-1024x1024.png 1024w, https:\/\/levangilealecran.com\/wp-content\/uploads\/2019\/03\/20190331_Lc11-600x600.png 600w, https:\/\/levangilealecran.com\/wp-content\/uploads\/2019\/03\/20190331_Lc11.png 1200w\" sizes=\"auto, (max-width: 300px) 100vw, 300px\" \/><\/a><strong>&gt; Le texte de ce dimanche nous permet de renouer avec la parabole du Fils Prodigue. On comprend, presque instinctivement, que le fils, lors du retour vers son p\u00e8re, est revenu \u00e0 la Vie apr\u00e8s divers choix mortif\u00e8res qui l\u2019ont incontestablement conduit vers moins de vie ; en effet il est habill\u00e9, chauss\u00e9, et on lui glisse une bague au doigt. Le fils a\u00een\u00e9 lui, est rest\u00e9 aupr\u00e8s de son p\u00e8re toutes ces ann\u00e9es, mais il n\u2019a pas encore eu acc\u00e8s \u00e0 cette Vie que Dieu veut pour chacun de ses enfants. Il fait ce qu\u2019il pense que son p\u00e8re attend de lui, sans en trouver le sens, si ce n\u2019est celui de l\u2019ob\u00e9issance. C\u2019est oublier que notre P\u00e8re nous a cr\u00e9\u00e9s libre.<\/strong><br \/>\n<strong>J\u00e9sus a dit : je ne suis pas venu abolir la loi, je suis venu l\u2019accomplir&#8230;<\/strong><br \/>\n<strong>Le fils a\u00een\u00e9, c\u2019est un peu chacun de nous, nous faisons de notre mieux, en oubliant que nous avons d\u00e9j\u00e0 tout. Tout nous a \u00e9t\u00e9 donn\u00e9 : ce qui est lui est \u00e0 nous !<\/strong><br \/>\n<strong>&gt; Cette semaine, continuons d\u2019\u00eatre au service de notre P\u00e8re, pour sa Gloire et non pas pure ob\u00e9issance&#8230;<\/strong><\/p>\n","protected":false},"excerpt":{"rendered":"<p>\u00ab\u00a0Toi, mon enfant, tu es toujours avec moi, et tout ce qui est \u00e0 moi est \u00e0 toi.\u00a0\u00bb (Luc 15,\u00a031) &gt; Le texte de ce dimanche nous permet de renouer avec la parabole du Fils Prodigue. On comprend, presque instinctivement, que le fils, lors du retour vers son p\u00e8re, est revenu \u00e0 la Vie apr\u00e8s divers choix mortif\u00e8res qui l\u2019ont incontestablement conduit vers moins de vie ; en effet il est habill\u00e9, chauss\u00e9, et on lui glisse une bague au doigt. Le fils a\u00een\u00e9 lui, est rest\u00e9 aupr\u00e8s de son p\u00e8re toutes ces ann\u00e9es, mais il n\u2019a pas encore eu acc\u00e8s \u00e0 cette Vie que Dieu veut pour chacun de \u2026 <a class=\"continue-reading-link\" href=\"https:\/\/levangilealecran.com\/?p=1662\"> Continue reading <span class=\"meta-nav\">&rarr; <\/span><\/a><\/p>\n","protected":false},"author":2006,"featured_media":0,"comment_status":"open","ping_status":"open","sticky":false,"template":"","format":"standard","meta":{"footnotes":""},"categories":[44,6],"tags":[92,681,491],"class_list":["post-1662","post","type-post","status-publish","format-standard","hentry","category-careme","category-luc","tag-don","tag-prodigue","tag-retour"],"_links":{"self":[{"href":"https:\/\/levangilealecran.com\/index.php?rest_route=\/wp\/v2\/posts\/1662","targetHints":{"allow":["GET"]}}],"collection":[{"href":"https:\/\/levangilealecran.com\/index.php?rest_route=\/wp\/v2\/posts"}],"about":[{"href":"https:\/\/levangilealecran.com\/index.php?rest_route=\/wp\/v2\/types\/post"}],"author":[{"embeddable":true,"href":"https:\/\/levangilealecran.com\/index.php?rest_route=\/wp\/v2\/users\/2006"}],"replies":[{"embeddable":true,"href":"https:\/\/levangilealecran.com\/index.php?rest_route=%2Fwp%2Fv2%2Fcomments&post=1662"}],"version-history":[{"count":2,"href":"https:\/\/levangilealecran.com\/index.php?rest_route=\/wp\/v2\/posts\/1662\/revisions"}],"predecessor-version":[{"id":1665,"href":"https:\/\/levangilealecran.com\/index.php?rest_route=\/wp\/v2\/posts\/1662\/revisions\/1665"}],"wp:attachment":[{"href":"https:\/\/levangilealecran.com\/index.php?rest_route=%2Fwp%2Fv2%2Fmedia&parent=1662"}],"wp:term":[{"taxonomy":"category","embeddable":true,"href":"https:\/\/levangilealecran.com\/index.php?rest_route=%2Fwp%2Fv2%2Fcategories&post=1662"},{"taxonomy":"post_tag","embeddable":true,"href":"https:\/\/levangilealecran.com\/index.php?rest_route=%2Fwp%2Fv2%2Ftags&post=1662"}],"curies":[{"name":"wp","href":"https:\/\/api.w.org\/{rel}","templated":true}]}}