{"id":1653,"date":"2019-03-15T10:38:38","date_gmt":"2019-03-15T09:38:38","guid":{"rendered":"http:\/\/levangilealecran.com?p=1653"},"modified":"2019-03-15T10:41:25","modified_gmt":"2019-03-15T09:41:25","slug":"2e-dimanche-du-careme-c","status":"publish","type":"post","link":"https:\/\/levangilealecran.com\/?p=1653","title":{"rendered":"2e dimanche du Car\u00eame &#8211; C"},"content":{"rendered":"<div class=\"\"><\/div>\n<blockquote>\n<div class=\"\"><span class=\"\"><i class=\"\">\u00ab\u00a0Pendant que J\u00e9sus priait, l\u2019aspect de son visage changea et son v\u00eatement devint d\u2019une blancheur \u00e9clatante.\u00a0\u00bb (Lc 9, 29)<\/i><\/span><\/div>\n<\/blockquote>\n<div class=\"\"><\/div>\n<div class=\"\">\n<p><strong><span class=\"\">&gt; Sur cette montagne avec J\u00e9sus, les disciples d\u00e9couvrent quelque chose d\u2019inattendu. En cet homme J\u00e9sus se donne \u00e0 voir la lumi\u00e8re de Dieu. Il est celui qui r\u00e9capitule la loi (Mo\u00efse) et les proph\u00e8tes (Elie). Il y aura la croix, comme il y a nos chemins de souffrances. Il y aura l\u2019impuissance et la fragilit\u00e9, comme ces situations de vie que nous connaissons. Mais toute la r\u00e9alit\u00e9 n\u2019est pas contenue dans ce que nous croyons voir de notre quotidien.\u00a0<\/span><\/strong><\/p>\n<p><strong><span class=\"\">Il y a, derri\u00e8re, cette lumi\u00e8re qui est celle de Dieu. Le r\u00e9cit de la Transfiguration de J\u00e9sus nous invite \u00e0 voir plus large. De la m\u00eame mani\u00e8re que derri\u00e8re les rides d\u2019une personne \u00e2g\u00e9e se raconte toute une vie d\u2019une richesse stup\u00e9fiante et unique. Que derri\u00e8re un acte fautif et regrettable se cache la complexit\u00e9 d\u2019une existence faite de joies et de souffrances, de passions, de rire, d\u2019interrogations, de nuits sans sommeil\u2026\u00a0<\/span><\/strong><\/p>\n<p><strong><span class=\"\">Nous cheminons dans nos existences. Et les montagnes sur lesquelles nous montons ne sont jamais \u00e9videntes. Elles peuvent \u00eatre le signe d\u2019un changement: un Dieu qui vient nous rencontrer autrement, ailleurs, qui ouvre des perspectives nouvelles.\u00a0<\/span><\/strong><\/p>\n<p><strong><span class=\"\">La vie est complexe, nos choix sont complexes, mais le Dieu vivant se donne \u00e0 d\u00e9couvrir toujours \u00e0 nouveau, et parfois cela nous transforme profond\u00e9ment. Comme les disciples, quand sa lumi\u00e8re vient nous \u00e9clairer\u2026 Comme nous, lorsque nous acceptons de l\u00e2cher ce que nous croyons poss\u00e9der ou savoir, et go\u00fbtons une vie nouvelle.<\/span><\/strong><\/p>\n<\/div>\n","protected":false},"excerpt":{"rendered":"<p>\u00ab\u00a0Pendant que J\u00e9sus priait, l\u2019aspect de son visage changea et son v\u00eatement devint d\u2019une blancheur \u00e9clatante.\u00a0\u00bb (Lc 9, 29) &gt; Sur cette montagne avec J\u00e9sus, les disciples d\u00e9couvrent quelque chose d\u2019inattendu. En cet homme J\u00e9sus se donne \u00e0 voir la lumi\u00e8re de Dieu. Il est celui qui r\u00e9capitule la loi (Mo\u00efse) et les proph\u00e8tes (Elie). Il y aura la croix, comme il y a nos chemins de souffrances. Il y aura l\u2019impuissance et la fragilit\u00e9, comme ces situations de vie que nous connaissons. Mais toute la r\u00e9alit\u00e9 n\u2019est pas contenue dans ce que nous croyons voir de notre quotidien.\u00a0 Il y a, derri\u00e8re, cette lumi\u00e8re qui est celle de Dieu. \u2026 <a class=\"continue-reading-link\" href=\"https:\/\/levangilealecran.com\/?p=1653\"> Continue reading <span class=\"meta-nav\">&rarr; <\/span><\/a><\/p>\n","protected":false},"author":2006,"featured_media":0,"comment_status":"open","ping_status":"open","sticky":false,"template":"","format":"standard","meta":{"footnotes":""},"categories":[44,4,6],"tags":[305,237,48,660,49],"class_list":["post-1653","post","type-post","status-publish","format-standard","hentry","category-careme","category-dimanche","category-luc","tag-choix","tag-lumiere","tag-montagne","tag-souffrances","tag-transfiguration"],"_links":{"self":[{"href":"https:\/\/levangilealecran.com\/index.php?rest_route=\/wp\/v2\/posts\/1653","targetHints":{"allow":["GET"]}}],"collection":[{"href":"https:\/\/levangilealecran.com\/index.php?rest_route=\/wp\/v2\/posts"}],"about":[{"href":"https:\/\/levangilealecran.com\/index.php?rest_route=\/wp\/v2\/types\/post"}],"author":[{"embeddable":true,"href":"https:\/\/levangilealecran.com\/index.php?rest_route=\/wp\/v2\/users\/2006"}],"replies":[{"embeddable":true,"href":"https:\/\/levangilealecran.com\/index.php?rest_route=%2Fwp%2Fv2%2Fcomments&post=1653"}],"version-history":[{"count":5,"href":"https:\/\/levangilealecran.com\/index.php?rest_route=\/wp\/v2\/posts\/1653\/revisions"}],"predecessor-version":[{"id":1658,"href":"https:\/\/levangilealecran.com\/index.php?rest_route=\/wp\/v2\/posts\/1653\/revisions\/1658"}],"wp:attachment":[{"href":"https:\/\/levangilealecran.com\/index.php?rest_route=%2Fwp%2Fv2%2Fmedia&parent=1653"}],"wp:term":[{"taxonomy":"category","embeddable":true,"href":"https:\/\/levangilealecran.com\/index.php?rest_route=%2Fwp%2Fv2%2Fcategories&post=1653"},{"taxonomy":"post_tag","embeddable":true,"href":"https:\/\/levangilealecran.com\/index.php?rest_route=%2Fwp%2Fv2%2Ftags&post=1653"}],"curies":[{"name":"wp","href":"https:\/\/api.w.org\/{rel}","templated":true}]}}