{"id":1644,"date":"2019-03-01T13:39:06","date_gmt":"2019-03-01T12:39:06","guid":{"rendered":"http:\/\/levangilealecran.com?p=1644"},"modified":"2019-03-01T13:39:06","modified_gmt":"2019-03-01T12:39:06","slug":"8e-dimanche-du-temps-ordinaire-c","status":"publish","type":"post","link":"https:\/\/levangilealecran.com\/?p=1644","title":{"rendered":"8e dimanche du temps ordinaire &#8211; C"},"content":{"rendered":"<blockquote><p>\u00ab Un aveugle peut-il guider un autre aveugle ? Ne vont-ils pas tomber tous les deux dans un trou ? (\u2026) Qu\u2019as-tu \u00e0 regarder la paille dans l\u2019\u0153il de ton fr\u00e8re, alors que la poutre qui est dans ton \u0153il \u00e0 toi, tu ne la remarques pas ? (\u2026) Un bon arbre ne donne pas de fruit pourri ; jamais non plus un arbre qui pourrit ne donne de bon fruit. Chaque arbre, en effet, se reconna\u00eet \u00e0 son fruit. \u00bb (Luc 6, 39.41.43-44a).<\/p><\/blockquote>\n<p><strong>&gt; Avec ces mini-paraboles, J\u00e9sus veut interpeler ses disciples sur<span class=\"text_exposed_show\">leur regard : quel regard ont-ils sur eux-m\u00eames, sur les autres et sur les fruits de leur vie ?<\/span><\/strong><\/p>\n<div class=\"text_exposed_show\">\n<p><strong>Ces questions nous sont pos\u00e9es aujourd\u2019hui encore : quel regard \u2013 critique ou bienveillant \u2013 puis-je poser sur moi-m\u00eame, sur les autres, ou sur les fruits de ma vie ?<\/strong><\/p>\n<p><strong>Je vois dans ce passage un appel au discernement, individuel et communautaire, avec une grande humilit\u00e9. Pour \u00e9viter de devenir imbu de soi-m\u00eame, aveugle aux autres et \u00e0 leurs fruits. Car le regard peut \u00eatre ambigu, comme le montre Blaise Menu (Lire &amp; Dire n\u00b096): \u00ab bienveillant ou toxique, le regard conditionne mon rapport aux autres. D\u00e8s lors, o\u00f9 se situe la bienveillance du regard, et qu&rsquo;est-ce que j&rsquo;en fais ? \u00bb<\/strong><\/p>\n<p><strong>Une question qui se pose \u00e0 chacun de nous aujourd\u2019hui, avec l\u2019exemple de cette petite histoire :<\/strong><\/p>\n<p style=\"text-align: center;\"><em>Un \u00e9tranger arrive \u00e0 la porte d&rsquo;une ville, o\u00f9 se tient un mendiant. Avant d&rsquo;entrer,<\/em><br \/>\n<em>il demande \u00e0 celui-ci:<\/em><br \/>\n<em>&#8211; Comment sont les gens de cette ville ?<\/em><br \/>\n<em>&#8211; Et chez toi, comment les gens \u00e9taient-ils ? lui r\u00e9plique le mendiant.<\/em><br \/>\n<em>&#8211; Oh, ils \u00e9taient m\u00e9chants, stupides et \u00e9go\u00efstes !<\/em><br \/>\n<em>&#8211; Eh bien tu trouveras les m\u00eames ici, r\u00e9pond le mendiant.<\/em><br \/>\n<em>Arrive un second \u00e9tranger, qui pose la m\u00eame question au mendiant.<\/em><br \/>\n<em>&#8211; Et chez toi, comment les gens \u00e9taient-ils ?<\/em><br \/>\n<em>&#8211; Ah, ils \u00e9taient bons, g\u00e9n\u00e9reux\u2026 accueillants !<\/em><br \/>\n<em>&#8211; Eh bien tu trouveras les m\u00eames ici, r\u00e9pond le mendiant.<\/em><br \/>\n<em>Un gosse qui se trouvait l\u00e0 apostrophe le mendiant:<\/em><br \/>\n<em>&#8211; J&rsquo;ai tout entendu ! Tu as menti : \u00e0 l&rsquo;un tu as dit une chose, et \u00e0 l&rsquo;autre son<\/em><br \/>\n<em>contraire !<\/em><br \/>\n<em>&#8211; Pas du tout, je n&rsquo;ai pas menti ! se d\u00e9fend le mendiant. Mais c&rsquo;est le regard<\/em><br \/>\n<em>que nous portons sur les autres qui d\u00e9termine leur comportement. Les gens<\/em><br \/>\n<em>agissent avec vous comme nous agissons avec eux.<\/em><br \/>\n<em>(sur <a href=\"https:\/\/l.facebook.com\/l.php?u=http%3A%2F%2Fwww.celebrer.ch%2F%3Ffbclid%3DIwAR1uI6yxnQD9cba8jEUiGsw-YBm2UFaZ5eXAduN6_dDNVxQmovEFc5tbQN0&amp;h=AT3wHn81x1PAJ77IZ-P_6q49S8UpBXPOFRnbs69_cFZCKp3XB05AxUfzZYoc8floMKVyrjTSIv72sSNQu-lwUl5-RydkTBnW5wSH9aOBWVTkvWL6c3HiBLEs8Na2BoDzV-C0sg4xyPcKYZq-4s_1z_tHuICMybnhNPrbysEiO3NbfJba6c4zLtBQYGuuGU1IWkoSv3qjcWZmNJr2vc3oNgZ6sT_XXZtOGLzf87mS5w8PVZsmU18KkJ4W5gf3rKm2F0-vMGfazneNm0UbkNjnQUpHRIGCuTNs-KPULPX2B52GKeiHWMercdtWM0kDMdRL97UJeaxySd-CPR3Cb4F27QDmXMvRbmxPh860Dghunq334z5lrMPGMRkiqlpgfPLAN_tc8QdzdxWB6mdae1AqPNbmFhe90HVZ2H7UnA45FBkRHlmfzO34gKKxqJjFa5noo0z2aoquWaUYSMJXwjkOx6sbUOQPwbAxuUptdKzpqdcdpKwFixi86MWD6mhgLPmoszpMIDIH7dS9AFoRG7kAmiX7yECJNNhuR5nKIhaIJWpvOM0Md1davTctnHgLszdSIFgsFLjmy6-K0UpSucnQeGNLXTbPWEKdS27UZTu60tUHb6UEJQxdpMrVy0sHTR9DRhfrjZys3fU\" target=\"_blank\" rel=\"noopener nofollow\" data-ft=\"{&quot;tn&quot;:&quot;-U&quot;}\" data-lynx-mode=\"origin\">www.celebrer.ch<\/a>, tir\u00e9e d&rsquo;une pr\u00e9dication d&rsquo;Alain Wimmer, 2000)<\/em><\/p>\n<p><strong>Cette semaine, et si j\u2019essayais de discerner, avec humilit\u00e9, le regard \u2013 bienveillant ou critique \u2013 que je pose sur ceux qui m\u2019entourent, sur moi-m\u00eame et sur Dieu ? Discerner les fruits dans ma vie ? Car de mon regard d\u00e9pend ma fa\u00e7on d\u2019\u00eatre dans le monde. Alors regarde, regarde un peu\u2026 ton regard !<\/strong><\/p>\n<\/div>\n","protected":false},"excerpt":{"rendered":"<p>\u00ab Un aveugle peut-il guider un autre aveugle ? Ne vont-ils pas tomber tous les deux dans un trou ? (\u2026) Qu\u2019as-tu \u00e0 regarder la paille dans l\u2019\u0153il de ton fr\u00e8re, alors que la poutre qui est dans ton \u0153il \u00e0 toi, tu ne la remarques pas ? (\u2026) Un bon arbre ne donne pas de fruit pourri ; jamais non plus un arbre qui pourrit ne donne de bon fruit. Chaque arbre, en effet, se reconna\u00eet \u00e0 son fruit. \u00bb (Luc 6, 39.41.43-44a). &gt; Avec ces mini-paraboles, J\u00e9sus veut interpeler ses disciples surleur regard : quel regard ont-ils sur eux-m\u00eames, sur les autres et sur les fruits de leur \u2026 <a class=\"continue-reading-link\" href=\"https:\/\/levangilealecran.com\/?p=1644\"> Continue reading <span class=\"meta-nav\">&rarr; <\/span><\/a><\/p>\n","protected":false},"author":2006,"featured_media":0,"comment_status":"open","ping_status":"open","sticky":false,"template":"","format":"standard","meta":{"footnotes":""},"categories":[4,6],"tags":[676,406,677,678,209],"class_list":["post-1644","post","type-post","status-publish","format-standard","hentry","category-dimanche","category-luc","tag-beinveillance","tag-critique","tag-discerner","tag-fruits","tag-regard"],"_links":{"self":[{"href":"https:\/\/levangilealecran.com\/index.php?rest_route=\/wp\/v2\/posts\/1644","targetHints":{"allow":["GET"]}}],"collection":[{"href":"https:\/\/levangilealecran.com\/index.php?rest_route=\/wp\/v2\/posts"}],"about":[{"href":"https:\/\/levangilealecran.com\/index.php?rest_route=\/wp\/v2\/types\/post"}],"author":[{"embeddable":true,"href":"https:\/\/levangilealecran.com\/index.php?rest_route=\/wp\/v2\/users\/2006"}],"replies":[{"embeddable":true,"href":"https:\/\/levangilealecran.com\/index.php?rest_route=%2Fwp%2Fv2%2Fcomments&post=1644"}],"version-history":[{"count":1,"href":"https:\/\/levangilealecran.com\/index.php?rest_route=\/wp\/v2\/posts\/1644\/revisions"}],"predecessor-version":[{"id":1645,"href":"https:\/\/levangilealecran.com\/index.php?rest_route=\/wp\/v2\/posts\/1644\/revisions\/1645"}],"wp:attachment":[{"href":"https:\/\/levangilealecran.com\/index.php?rest_route=%2Fwp%2Fv2%2Fmedia&parent=1644"}],"wp:term":[{"taxonomy":"category","embeddable":true,"href":"https:\/\/levangilealecran.com\/index.php?rest_route=%2Fwp%2Fv2%2Fcategories&post=1644"},{"taxonomy":"post_tag","embeddable":true,"href":"https:\/\/levangilealecran.com\/index.php?rest_route=%2Fwp%2Fv2%2Ftags&post=1644"}],"curies":[{"name":"wp","href":"https:\/\/api.w.org\/{rel}","templated":true}]}}