{"id":1642,"date":"2019-02-22T09:05:57","date_gmt":"2019-02-22T08:05:57","guid":{"rendered":"http:\/\/levangilealecran.com?p=1642"},"modified":"2019-02-22T09:05:57","modified_gmt":"2019-02-22T08:05:57","slug":"7eme-dimanche-du-temps-ordinaire-c","status":"publish","type":"post","link":"https:\/\/levangilealecran.com\/?p=1642","title":{"rendered":"7\u00e8me dimanche du temps ordinaire &#8211; C"},"content":{"rendered":"<blockquote><p>\u00a0\u00bb Aimez vos ennemis, \u00a0faites du bien \u00e0 ceux qui vous ha\u00efssent,<br \/>\nb\u00e9nissez ceux qui vous maudissent, \u00a0priez pour ceux qui vous insultent. \u00a0\u00bb \u00a0(Luc 6, 27-28)<\/p><\/blockquote>\n<p><strong>&gt; Voici quatre imp\u00e9ratifs qui, pour le moins nous d\u00e9rangent\u2026 J\u00e9sus semble r\u00e9clamer de nous une performance spirituelle, une attitude h\u00e9ro\u00efque, dont nous ne nous sentons pas capables.\u00a0Est-ce que l\u2019amour se commande ?<\/strong><\/p>\n<p><strong>Moi, mes ennemis, je cherche plut\u00f4t \u00e0 les \u00e9viter, pour ne pas entrer une fois de plus dans la confrontation ! De l\u00e0 \u00e0 les aimer ?<\/strong><\/p>\n<p><strong>Mais est-ce que J\u00e9sus parle de la m\u00eame chose que moi quand il dit aimer ? Aujourd\u2019hui, je me sens tr\u00e9bucher entre ce que moi je comprends de l\u2019amour comme un sentiment fort, un \u00e9lan, une passion totale\u2026 et ce que J\u00e9sus a montr\u00e9 en restant pleinement digne face \u00e0 ses bourreaux, en ne r\u00e9pondant pas aux insultes et en murmurant sur la Croix: \u00ab P\u00e8re, pardonne-leur, car ils ne savent pas ce qu\u2019ils font \u00bb\u2026<\/strong><\/p>\n<p><strong>Je me sens \u00e9cartel\u00e9e entre un amour de l\u2019autre qui me fait au fond l\u2019honneur de m\u2019aimer moi-m\u00eame dans le plaisir du miroir qu\u2019il me tend\u2026 et un amour bien plus de l\u2019ordre de l\u2019exercice spirituel, puisque l\u2019amour dont parlent ces versets, c\u2019est l\u2019amour de Dieu qui triomphe en moi. Et qui me promet, dit J\u00e9sus \u00a0\u00bb d\u2019\u00eatre fils\/fille du Tr\u00e8s-Haut \u00ab\u00a0.<\/strong><\/p>\n<p><em>Seigneur, <\/em><br \/>\n<em>donne-moi un c\u0153ur nouveau : <\/em><br \/>\n<em>donne-moi de t\u2019imiter <\/em><br \/>\n<em>lorsque tu d\u00e9samorces les spirales de la violence <\/em><br \/>\n<em>en aimant m\u00eame ceux qui t\u2019insultent et t\u2019\u00e9crasent<\/em><br \/>\n<em>Dans la communion avec ta vie, <\/em><br \/>\n<em>apprends-moi \u00e0 pr\u00e9server mon humanit\u00e9, <\/em><br \/>\n<em>ma qualit\u00e9 de fils\/fille du Tr\u00e8s-Haut <\/em><br \/>\n<em>qui aime comme toi tu as su aimer.<\/em><br \/>\n<em>Amen<\/em><\/p>\n","protected":false},"excerpt":{"rendered":"<p>\u00a0\u00bb Aimez vos ennemis, \u00a0faites du bien \u00e0 ceux qui vous ha\u00efssent, b\u00e9nissez ceux qui vous maudissent, \u00a0priez pour ceux qui vous insultent. \u00a0\u00bb \u00a0(Luc 6, 27-28) &gt; Voici quatre imp\u00e9ratifs qui, pour le moins nous d\u00e9rangent\u2026 J\u00e9sus semble r\u00e9clamer de nous une performance spirituelle, une attitude h\u00e9ro\u00efque, dont nous ne nous sentons pas capables.\u00a0Est-ce que l\u2019amour se commande ? Moi, mes ennemis, je cherche plut\u00f4t \u00e0 les \u00e9viter, pour ne pas entrer une fois de plus dans la confrontation ! De l\u00e0 \u00e0 les aimer ? Mais est-ce que J\u00e9sus parle de la m\u00eame chose que moi quand il dit aimer ? Aujourd\u2019hui, je me sens tr\u00e9bucher entre ce \u2026 <a class=\"continue-reading-link\" href=\"https:\/\/levangilealecran.com\/?p=1642\"> Continue reading <span class=\"meta-nav\">&rarr; <\/span><\/a><\/p>\n","protected":false},"author":2006,"featured_media":0,"comment_status":"open","ping_status":"open","sticky":false,"template":"","format":"standard","meta":{"footnotes":""},"categories":[4,6],"tags":[83,674,675,199],"class_list":["post-1642","post","type-post","status-publish","format-standard","hentry","category-dimanche","category-luc","tag-aimer","tag-enfants-de-dieu","tag-ennemis","tag-pardon"],"_links":{"self":[{"href":"https:\/\/levangilealecran.com\/index.php?rest_route=\/wp\/v2\/posts\/1642","targetHints":{"allow":["GET"]}}],"collection":[{"href":"https:\/\/levangilealecran.com\/index.php?rest_route=\/wp\/v2\/posts"}],"about":[{"href":"https:\/\/levangilealecran.com\/index.php?rest_route=\/wp\/v2\/types\/post"}],"author":[{"embeddable":true,"href":"https:\/\/levangilealecran.com\/index.php?rest_route=\/wp\/v2\/users\/2006"}],"replies":[{"embeddable":true,"href":"https:\/\/levangilealecran.com\/index.php?rest_route=%2Fwp%2Fv2%2Fcomments&post=1642"}],"version-history":[{"count":1,"href":"https:\/\/levangilealecran.com\/index.php?rest_route=\/wp\/v2\/posts\/1642\/revisions"}],"predecessor-version":[{"id":1643,"href":"https:\/\/levangilealecran.com\/index.php?rest_route=\/wp\/v2\/posts\/1642\/revisions\/1643"}],"wp:attachment":[{"href":"https:\/\/levangilealecran.com\/index.php?rest_route=%2Fwp%2Fv2%2Fmedia&parent=1642"}],"wp:term":[{"taxonomy":"category","embeddable":true,"href":"https:\/\/levangilealecran.com\/index.php?rest_route=%2Fwp%2Fv2%2Fcategories&post=1642"},{"taxonomy":"post_tag","embeddable":true,"href":"https:\/\/levangilealecran.com\/index.php?rest_route=%2Fwp%2Fv2%2Ftags&post=1642"}],"curies":[{"name":"wp","href":"https:\/\/api.w.org\/{rel}","templated":true}]}}