{"id":1627,"date":"2019-01-25T12:59:04","date_gmt":"2019-01-25T11:59:04","guid":{"rendered":"http:\/\/levangilealecran.com?p=1627"},"modified":"2019-01-25T12:59:04","modified_gmt":"2019-01-25T11:59:04","slug":"3e-dimanche-du-temps-ordinaire-c","status":"publish","type":"post","link":"https:\/\/levangilealecran.com\/?p=1627","title":{"rendered":"3e dimanche du temps ordinaire &#8211; C"},"content":{"rendered":"<blockquote><p>\u00ab C\u2019est pourquoi j\u2019ai d\u00e9cid\u00e9, moi aussi, apr\u00e8s avoir recueilli avec pr\u00e9cision des informations\u00a0concernant tout ce qui s\u2019est pass\u00e9 depuis le d\u00e9but, d\u2019\u00e9crire pour toi, excellent Th\u00e9ophile, un expos\u00e9 suivi, afin que tu te rendes bien compte de la solidit\u00e9 des enseignements que tu as entendus. \u00bb Luc 1, 1-4<\/p><\/blockquote>\n<p><a href=\"http:\/\/levangilealecran.comwp-content\/uploads\/2019\/01\/ImageEvEcr2019_01_25.jpg\"><img loading=\"lazy\" decoding=\"async\" class=\"aligncenter size-medium wp-image-1629\" src=\"http:\/\/levangilealecran.comwp-content\/uploads\/2019\/01\/ImageEvEcr2019_01_25-300x213.jpg\" alt=\"\" width=\"300\" height=\"213\" srcset=\"https:\/\/levangilealecran.com\/wp-content\/uploads\/2019\/01\/ImageEvEcr2019_01_25-300x213.jpg 300w, https:\/\/levangilealecran.com\/wp-content\/uploads\/2019\/01\/ImageEvEcr2019_01_25-768x545.jpg 768w, https:\/\/levangilealecran.com\/wp-content\/uploads\/2019\/01\/ImageEvEcr2019_01_25-1024x726.jpg 1024w, https:\/\/levangilealecran.com\/wp-content\/uploads\/2019\/01\/ImageEvEcr2019_01_25-600x426.jpg 600w, https:\/\/levangilealecran.com\/wp-content\/uploads\/2019\/01\/ImageEvEcr2019_01_25-150x106.jpg 150w, https:\/\/levangilealecran.com\/wp-content\/uploads\/2019\/01\/ImageEvEcr2019_01_25-211x150.jpg 211w, https:\/\/levangilealecran.com\/wp-content\/uploads\/2019\/01\/ImageEvEcr2019_01_25.jpg 1920w\" sizes=\"auto, (max-width: 300px) 100vw, 300px\" \/><\/a><\/p>\n<p><strong>&gt; Ce commencement de l\u2019Evangile de Luc est particuli\u00e8rement int\u00e9ressant car il parle du projet qu\u2019est l\u2019\u00e9criture de cet \u00c9vangile et des raisons pour lesquelles Luc, lui aussi, va<span class=\"text_exposed_show\"> se mettre \u00e0 raconter pr\u00e9cis\u00e9ment la vie de J\u00e9sus.<\/span><\/strong><\/p>\n<div class=\"text_exposed_show\">\n<p><strong>Il s\u2019adresse \u00e0 Th\u00e9ophile, un jeune homme qui pourrait \u00eatre n\u2019importe lequel d\u2019entre nous, celui qui se met attentivement \u00e0 l\u2019\u00e9coute de la Parole.<\/strong><\/p>\n<p><strong>Mais ce qui est particuli\u00e8rement int\u00e9ressant dans ce prologue, c\u2019est la fa\u00e7on dont Luc insiste sur sa m\u00e9thodologie. Comme une enqu\u00eate, on est plong\u00e9 dans la richesse du travail litt\u00e9raire effectu\u00e9 et l\u2019investissement tout entier de l\u2019auteur qui fait dans cet \u00c9vangile un acte de foi et qui veut offrir \u00e0 ceux qui suivront Jesus un t\u00e9moignage s\u00fbr et v\u00e9rifi\u00e9, construit \u00e0 partir de sources. C\u2019est cette solidit\u00e9 des enseignements qui permet au lecteur de placer sa confiance dans ce texte qui va suivre.<\/strong><\/p>\n<p><strong>Et ce livre, 2000 ans apr\u00e8s, est encore lu, travaill\u00e9, m\u00e9dit\u00e9, d\u00e9cortiqu\u00e9, par les Chr\u00e9tiens \u00e0 travers le monde.<\/strong><\/p>\n<p><strong>Cette semaine, prends un peu de temps pour mesurer concr\u00e8tement la fa\u00e7on dont les \u00e9vangiles nous sont parvenus : ils ont \u00e9t\u00e9 \u00e9crits par des hommes qui racontent ce qu\u2019ils ont vu ou entendu et veulent nous transmettre cette d\u00e9couverte qui les fait vivre. Accepte et assimile ce cadeau vieux de 2000 ans et toujours \u00e9minemment actuel qui t\u2019est fait&#8230;<\/strong><\/p>\n<\/div>\n","protected":false},"excerpt":{"rendered":"<p>\u00ab C\u2019est pourquoi j\u2019ai d\u00e9cid\u00e9, moi aussi, apr\u00e8s avoir recueilli avec pr\u00e9cision des informations\u00a0concernant tout ce qui s\u2019est pass\u00e9 depuis le d\u00e9but, d\u2019\u00e9crire pour toi, excellent Th\u00e9ophile, un expos\u00e9 suivi, afin que tu te rendes bien compte de la solidit\u00e9 des enseignements que tu as entendus. \u00bb Luc 1, 1-4 &gt; Ce commencement de l\u2019Evangile de Luc est particuli\u00e8rement int\u00e9ressant car il parle du projet qu\u2019est l\u2019\u00e9criture de cet \u00c9vangile et des raisons pour lesquelles Luc, lui aussi, va se mettre \u00e0 raconter pr\u00e9cis\u00e9ment la vie de J\u00e9sus. Il s\u2019adresse \u00e0 Th\u00e9ophile, un jeune homme qui pourrait \u00eatre n\u2019importe lequel d\u2019entre nous, celui qui se met attentivement \u00e0 l\u2019\u00e9coute de \u2026 <a class=\"continue-reading-link\" href=\"https:\/\/levangilealecran.com\/?p=1627\"> Continue reading <span class=\"meta-nav\">&rarr; <\/span><\/a><\/p>\n","protected":false},"author":2006,"featured_media":0,"comment_status":"open","ping_status":"open","sticky":false,"template":"","format":"standard","meta":{"footnotes":""},"categories":[4,6,1],"tags":[37,249,264,80,671],"class_list":["post-1627","post","type-post","status-publish","format-standard","hentry","category-dimanche","category-luc","category-sanscategorie","tag-bible","tag-cadeau","tag-ecriture","tag-evangile","tag-sources"],"_links":{"self":[{"href":"https:\/\/levangilealecran.com\/index.php?rest_route=\/wp\/v2\/posts\/1627","targetHints":{"allow":["GET"]}}],"collection":[{"href":"https:\/\/levangilealecran.com\/index.php?rest_route=\/wp\/v2\/posts"}],"about":[{"href":"https:\/\/levangilealecran.com\/index.php?rest_route=\/wp\/v2\/types\/post"}],"author":[{"embeddable":true,"href":"https:\/\/levangilealecran.com\/index.php?rest_route=\/wp\/v2\/users\/2006"}],"replies":[{"embeddable":true,"href":"https:\/\/levangilealecran.com\/index.php?rest_route=%2Fwp%2Fv2%2Fcomments&post=1627"}],"version-history":[{"count":1,"href":"https:\/\/levangilealecran.com\/index.php?rest_route=\/wp\/v2\/posts\/1627\/revisions"}],"predecessor-version":[{"id":1630,"href":"https:\/\/levangilealecran.com\/index.php?rest_route=\/wp\/v2\/posts\/1627\/revisions\/1630"}],"wp:attachment":[{"href":"https:\/\/levangilealecran.com\/index.php?rest_route=%2Fwp%2Fv2%2Fmedia&parent=1627"}],"wp:term":[{"taxonomy":"category","embeddable":true,"href":"https:\/\/levangilealecran.com\/index.php?rest_route=%2Fwp%2Fv2%2Fcategories&post=1627"},{"taxonomy":"post_tag","embeddable":true,"href":"https:\/\/levangilealecran.com\/index.php?rest_route=%2Fwp%2Fv2%2Ftags&post=1627"}],"curies":[{"name":"wp","href":"https:\/\/api.w.org\/{rel}","templated":true}]}}