{"id":1621,"date":"2019-01-11T09:49:25","date_gmt":"2019-01-11T08:49:25","guid":{"rendered":"http:\/\/levangilealecran.com?p=1621"},"modified":"2019-01-11T09:50:19","modified_gmt":"2019-01-11T08:50:19","slug":"dimanche-du-bapteme-du-seigneur-c","status":"publish","type":"post","link":"https:\/\/levangilealecran.com\/?p=1621","title":{"rendered":"Dimanche du bapt\u00eame du Seigneur &#8211; C"},"content":{"rendered":"<blockquote><p>\u00ab\u00a0Tu es mon fils bien-aim\u00e9 ; c&rsquo;est en toi que j&rsquo;ai pris plaisir\u00a0\u00bb (Luc 3.22)<\/p><\/blockquote>\n<p><a href=\"http:\/\/levangilealecran.comwp-content\/uploads\/2019\/01\/ImageEvEcr2019_01_11.jpg\"><img loading=\"lazy\" decoding=\"async\" class=\"aligncenter wp-image-1622 size-large\" src=\"http:\/\/levangilealecran.comwp-content\/uploads\/2019\/01\/ImageEvEcr2019_01_11-1024x498.jpg\" alt=\"\" width=\"800\" height=\"389\" srcset=\"https:\/\/levangilealecran.com\/wp-content\/uploads\/2019\/01\/ImageEvEcr2019_01_11-1024x498.jpg 1024w, https:\/\/levangilealecran.com\/wp-content\/uploads\/2019\/01\/ImageEvEcr2019_01_11-300x146.jpg 300w, https:\/\/levangilealecran.com\/wp-content\/uploads\/2019\/01\/ImageEvEcr2019_01_11-768x373.jpg 768w, https:\/\/levangilealecran.com\/wp-content\/uploads\/2019\/01\/ImageEvEcr2019_01_11-600x292.jpg 600w, https:\/\/levangilealecran.com\/wp-content\/uploads\/2019\/01\/ImageEvEcr2019_01_11-150x73.jpg 150w, https:\/\/levangilealecran.com\/wp-content\/uploads\/2019\/01\/ImageEvEcr2019_01_11-250x121.jpg 250w, https:\/\/levangilealecran.com\/wp-content\/uploads\/2019\/01\/ImageEvEcr2019_01_11.jpg 1319w\" sizes=\"auto, (max-width: 800px) 100vw, 800px\" \/><\/a><\/p>\n<p><strong>&gt; Il y a des matins o\u00f9 pour chacun de nous aussi le ciel se d\u00e9chire comme pour le bapt\u00eame du Christ&#8230; Pouvons-nous alors entendre que Dieu prend plaisir \u00e0 nous voir exister, nous r\u00e9jouir et aussi lutter au quotidien? Car au beau milieu de ce r\u00e9cit de bapt\u00eame, l&rsquo;Evangile n&rsquo;occulte pas l&#8217;emprisonnement de Jean le Baptiste&#8230;<\/strong><\/p>\n<p><strong>Plaisir et peines de Dieu s&rsquo;entrem\u00ealent comme dans ta vie peut-\u00eatre ?<\/strong><\/p>\n<p><strong>Aujourd&rsquo;hui pourtant regardons avec discernement l&rsquo;une de nos qualit\u00e9s et disons-nous que Dieu en \u00e9prouve lui aussi de la Joie! <\/strong><\/p>\n<p><strong>Et que 2019 nous r\u00e9serve une pleine escarcelle de ces moments de gr\u00e2ce !<\/strong><\/p>\n","protected":false},"excerpt":{"rendered":"<p>\u00ab\u00a0Tu es mon fils bien-aim\u00e9 ; c&rsquo;est en toi que j&rsquo;ai pris plaisir\u00a0\u00bb (Luc 3.22) &gt; Il y a des matins o\u00f9 pour chacun de nous aussi le ciel se d\u00e9chire comme pour le bapt\u00eame du Christ&#8230; Pouvons-nous alors entendre que Dieu prend plaisir \u00e0 nous voir exister, nous r\u00e9jouir et aussi lutter au quotidien? Car au beau milieu de ce r\u00e9cit de bapt\u00eame, l&rsquo;Evangile n&rsquo;occulte pas l&#8217;emprisonnement de Jean le Baptiste&#8230; Plaisir et peines de Dieu s&rsquo;entrem\u00ealent comme dans ta vie peut-\u00eatre ? Aujourd&rsquo;hui pourtant regardons avec discernement l&rsquo;une de nos qualit\u00e9s et disons-nous que Dieu en \u00e9prouve lui aussi de la Joie! Et que 2019 nous r\u00e9serve une \u2026 <a class=\"continue-reading-link\" href=\"https:\/\/levangilealecran.com\/?p=1621\"> Continue reading <span class=\"meta-nav\">&rarr; <\/span><\/a><\/p>\n","protected":false},"author":2006,"featured_media":0,"comment_status":"open","ping_status":"open","sticky":false,"template":"","format":"standard","meta":{"footnotes":""},"categories":[4,24,6],"tags":[226,670,206,75,669],"class_list":["post-1621","post","type-post","status-publish","format-standard","hentry","category-dimanche","category-fetes","category-luc","tag-bapteme","tag-discernement","tag-grace","tag-joie","tag-peines"],"_links":{"self":[{"href":"https:\/\/levangilealecran.com\/index.php?rest_route=\/wp\/v2\/posts\/1621","targetHints":{"allow":["GET"]}}],"collection":[{"href":"https:\/\/levangilealecran.com\/index.php?rest_route=\/wp\/v2\/posts"}],"about":[{"href":"https:\/\/levangilealecran.com\/index.php?rest_route=\/wp\/v2\/types\/post"}],"author":[{"embeddable":true,"href":"https:\/\/levangilealecran.com\/index.php?rest_route=\/wp\/v2\/users\/2006"}],"replies":[{"embeddable":true,"href":"https:\/\/levangilealecran.com\/index.php?rest_route=%2Fwp%2Fv2%2Fcomments&post=1621"}],"version-history":[{"count":1,"href":"https:\/\/levangilealecran.com\/index.php?rest_route=\/wp\/v2\/posts\/1621\/revisions"}],"predecessor-version":[{"id":1623,"href":"https:\/\/levangilealecran.com\/index.php?rest_route=\/wp\/v2\/posts\/1621\/revisions\/1623"}],"wp:attachment":[{"href":"https:\/\/levangilealecran.com\/index.php?rest_route=%2Fwp%2Fv2%2Fmedia&parent=1621"}],"wp:term":[{"taxonomy":"category","embeddable":true,"href":"https:\/\/levangilealecran.com\/index.php?rest_route=%2Fwp%2Fv2%2Fcategories&post=1621"},{"taxonomy":"post_tag","embeddable":true,"href":"https:\/\/levangilealecran.com\/index.php?rest_route=%2Fwp%2Fv2%2Ftags&post=1621"}],"curies":[{"name":"wp","href":"https:\/\/api.w.org\/{rel}","templated":true}]}}