{"id":1617,"date":"2018-12-28T13:49:23","date_gmt":"2018-12-28T12:49:23","guid":{"rendered":"http:\/\/levangilealecran.com?p=1617"},"modified":"2018-12-28T13:49:23","modified_gmt":"2018-12-28T12:49:23","slug":"dimanche-de-la-sainte-famille-c","status":"publish","type":"post","link":"https:\/\/levangilealecran.com\/?p=1617","title":{"rendered":"Dimanche de la Sainte Famille &#8211; C"},"content":{"rendered":"<blockquote><p>\u00ab\u00a0Il descendit avec eux pour se rendre \u00e0 Nazareth,\u00a0et il leur \u00e9tait soumis.\u00a0\u00bb Luc 2, 51<\/p><\/blockquote>\n<p><strong>&gt; J\u00e9sus a 12 ans lorsqu&rsquo;il ne rentre pas avec ses parents \u00e0 Nazareth. Le p\u00e8lerinage qui se faisait annuellement vers J\u00e9rusalem faisait se d\u00e9placer beaucoup de monde et chacun marchait avec sa famille, ses amis et les voisins. C&rsquo;est pour cela que Joseph et Marie ne se rendent pas imm\u00e9diatement compte que J\u00e9sus manque \u00e0 l&rsquo;appel.<\/strong><\/p>\n<div class=\"text_exposed_show\">\n<p><strong>De retour \u00e0 J\u00e9rusalem, ils le retrouvent au temple dialoguant d&rsquo;\u00e9gal \u00e0 \u00e9gal avec les docteurs de la loi. A ces retrouvailles, J\u00e9sus questionne ses parents pour signifier qu&rsquo;il doit se tenir pr\u00e8s de son P\u00e8re.<\/strong><\/p>\n<p><strong>Le verset s\u00e9lectionn\u00e9 nous offre \u00e0 contempler de nouveau la cr\u00e8che o\u00f9 J\u00e9sus s&rsquo;est fait petit enfant sous la protection et responsabilit\u00e9 d&rsquo;un p\u00e8re et d&rsquo;une m\u00e8re. En garant de la loi de son p\u00e8re, il respecte par cons\u00e9quent un des commandements du d\u00e9calogue : \u00ab\u00a0Tu honoreras ton p\u00e8re et ta m\u00e8re\u00a0\u00bb.<\/strong><\/p>\n<p><strong>Cette semaine, nous pouvons profiter de ces temps propices au rapprochement familial pour ouvrir nos portes et accueillir ou visiter nos parents au sens large du terme : fr\u00e8re, soeur, oncle, tante, grand parents&#8230; mais aussi d&rsquo;ouvrir notre coeur pour accueillir notre prochain qui pourrait se sentir bien seul en cette fin d&rsquo;ann\u00e9e.<\/strong><\/p>\n<\/div>\n","protected":false},"excerpt":{"rendered":"<p>\u00ab\u00a0Il descendit avec eux pour se rendre \u00e0 Nazareth,\u00a0et il leur \u00e9tait soumis.\u00a0\u00bb Luc 2, 51 &gt; J\u00e9sus a 12 ans lorsqu&rsquo;il ne rentre pas avec ses parents \u00e0 Nazareth. Le p\u00e8lerinage qui se faisait annuellement vers J\u00e9rusalem faisait se d\u00e9placer beaucoup de monde et chacun marchait avec sa famille, ses amis et les voisins. C&rsquo;est pour cela que Joseph et Marie ne se rendent pas imm\u00e9diatement compte que J\u00e9sus manque \u00e0 l&rsquo;appel. De retour \u00e0 J\u00e9rusalem, ils le retrouvent au temple dialoguant d&rsquo;\u00e9gal \u00e0 \u00e9gal avec les docteurs de la loi. A ces retrouvailles, J\u00e9sus questionne ses parents pour signifier qu&rsquo;il doit se tenir pr\u00e8s de son P\u00e8re. Le \u2026 <a class=\"continue-reading-link\" href=\"https:\/\/levangilealecran.com\/?p=1617\"> Continue reading <span class=\"meta-nav\">&rarr; <\/span><\/a><\/p>\n","protected":false},"author":2006,"featured_media":0,"comment_status":"open","ping_status":"open","sticky":false,"template":"","format":"standard","meta":{"footnotes":""},"categories":[4,6],"tags":[16,224,668,272],"class_list":["post-1617","post","type-post","status-publish","format-standard","hentry","category-dimanche","category-luc","tag-amour","tag-famille","tag-mere","tag-pere"],"_links":{"self":[{"href":"https:\/\/levangilealecran.com\/index.php?rest_route=\/wp\/v2\/posts\/1617","targetHints":{"allow":["GET"]}}],"collection":[{"href":"https:\/\/levangilealecran.com\/index.php?rest_route=\/wp\/v2\/posts"}],"about":[{"href":"https:\/\/levangilealecran.com\/index.php?rest_route=\/wp\/v2\/types\/post"}],"author":[{"embeddable":true,"href":"https:\/\/levangilealecran.com\/index.php?rest_route=\/wp\/v2\/users\/2006"}],"replies":[{"embeddable":true,"href":"https:\/\/levangilealecran.com\/index.php?rest_route=%2Fwp%2Fv2%2Fcomments&post=1617"}],"version-history":[{"count":1,"href":"https:\/\/levangilealecran.com\/index.php?rest_route=\/wp\/v2\/posts\/1617\/revisions"}],"predecessor-version":[{"id":1618,"href":"https:\/\/levangilealecran.com\/index.php?rest_route=\/wp\/v2\/posts\/1617\/revisions\/1618"}],"wp:attachment":[{"href":"https:\/\/levangilealecran.com\/index.php?rest_route=%2Fwp%2Fv2%2Fmedia&parent=1617"}],"wp:term":[{"taxonomy":"category","embeddable":true,"href":"https:\/\/levangilealecran.com\/index.php?rest_route=%2Fwp%2Fv2%2Fcategories&post=1617"},{"taxonomy":"post_tag","embeddable":true,"href":"https:\/\/levangilealecran.com\/index.php?rest_route=%2Fwp%2Fv2%2Ftags&post=1617"}],"curies":[{"name":"wp","href":"https:\/\/api.w.org\/{rel}","templated":true}]}}