{"id":1615,"date":"2018-12-24T12:20:34","date_gmt":"2018-12-24T11:20:34","guid":{"rendered":"http:\/\/levangilealecran.com?p=1615"},"modified":"2018-12-24T12:20:34","modified_gmt":"2018-12-24T11:20:34","slug":"25-decembre-2018-la-nativite","status":"publish","type":"post","link":"https:\/\/levangilealecran.com\/?p=1615","title":{"rendered":"25 d\u00e9cembre 2018 &#8211; La Nativit\u00e9"},"content":{"rendered":"<div class=\"\" data-block=\"true\" data-editor=\"e3hn\" data-offset-key=\"a2mvb-0-0\">\n<blockquote>\n<div class=\"_1mf _1mj\" data-offset-key=\"a2mvb-0-0\">\u00ab\u00a0Et le Verbe s\u2019est fait chair et il a habit\u00e9 parmi nous et nous avons vu sa gloire.\u00a0\u00bb (Jn 1, 14)<\/div>\n<\/blockquote>\n<\/div>\n<div class=\"\" data-block=\"true\" data-editor=\"e3hn\" data-offset-key=\"1qkg9-0-0\">\n<div class=\"_1mf _1mj\" data-offset-key=\"1qkg9-0-0\"><span data-offset-key=\"1qkg9-0-0\">\u00a0<\/span><\/div>\n<\/div>\n<div class=\"\" data-block=\"true\" data-editor=\"e3hn\" data-offset-key=\"81ng2-0-0\">\n<div class=\"_1mf _1mj\" data-offset-key=\"81ng2-0-0\"><strong>&gt; O\u00f9 est Dieu? \u00ab Il a habit\u00e9 parmi nous. \u00bb Il est fondamentalement \u00ab avec \u00bb les humains. Il est l\u2019Emmanuel, Dieu avec nous. Il accompagne, marche \u00e0 nos c\u00f4t\u00e9s, partage ce qui fait nos vies, avec leurs joies et d\u00e9ceptions, leur richesse et leur pauvret\u00e9. Il est le Dieu dans la mangeoire d\u2019une \u00e9table, le Dieu sur la route d\u2019un d\u00e9part loin de ses rep\u00e8res, le Dieu aupr\u00e8s de toutes celles et ceux de nous quand nous vivons ce rejet, parfois implicite, parfois non: \u00ab Il n\u2019y a pas de place pour toi. \u00bb<\/strong><\/div>\n<\/div>\n<div class=\"\" data-block=\"true\" data-editor=\"e3hn\" data-offset-key=\"8aqk6-0-0\">\n<div class=\"_1mf _1mj\" data-offset-key=\"8aqk6-0-0\"><strong>\u00a0<\/strong><\/div>\n<\/div>\n<div class=\"\" data-block=\"true\" data-editor=\"e3hn\" data-offset-key=\"ev2u9-0-0\">\n<div class=\"_1mf _1mj\" data-offset-key=\"ev2u9-0-0\"><strong>O\u00f9 est Dieu? \u00ab Il s\u2019est fait chair. \u00bb Il est aussi en nous. \u00ab Au sein de l\u2019immense univers, Dieu est n\u00e9 en l\u2019humain \u00bb dit Maurice Bellet. Le r\u00e9cit de No\u00ebl nous le raconte: Dieu est \u00e0 trouver dans les profondeurs de notre coeur, de l\u2019\u00eatre, de tout \u00eatre. Il est le Dieu d\u00e9couvert dans ce nouveau-n\u00e9 du nom de J\u00e9sus. Dans la fragilit\u00e9 et la force d\u2019une vie, dans cette \u00e9nergie int\u00e9rieure qui nous conduit \u00e0 aimer, \u00e0 lutter contre le mal et la mort, \u00e0 nous relever, \u00e0 vivre pleinement. A No\u00ebl, il n\u2019est plus question de penser Dieu sans penser l\u2019humain.<\/strong><\/div>\n<\/div>\n<div class=\"\" data-block=\"true\" data-editor=\"e3hn\" data-offset-key=\"8q31u-0-0\">\n<div class=\"_1mf _1mj\" data-offset-key=\"8q31u-0-0\"><strong>\u00a0<\/strong><\/div>\n<\/div>\n<div class=\"\" data-block=\"true\" data-editor=\"e3hn\" data-offset-key=\"fok4h-0-0\">\n<div class=\"_1mf _1mj\" data-offset-key=\"fok4h-0-0\"><strong>Mais \u00e0 No\u00ebl, il y a aussi les anges dans les cieux, la gloire du Seigneur qui enveloppe les bergers, et le r\u00e9cit raconte aussi que ce Dieu qui est avec nous, ce Dieu qui est en nous, est encore le Dieu qui est au-dessus de nous. Dieu ne peut pas \u00eatre enferm\u00e9 dans nos id\u00e9es, nos discours, nos mani\u00e8res de voir. A No\u00ebl, J\u00e9sus-Christ est pleinement Dieu, et en m\u00eame temps Dieu reste dans les Cieux. Il nous \u00e9chappe, il nous d\u00e9passe, nous pr\u00e9c\u00e8de et nous suit. C\u2019est ce que nous rappellent les anges dans les cieux \u00e0 No\u00ebl. Dieu est myst\u00e8re, comme la vie est myst\u00e8re, comme l\u2019amour est myst\u00e8re. Toutes nos explications n\u2019en \u00e9puisent pas la profondeur. \u00ab Nous avons vu sa gloire. \u00bb<\/strong><\/div>\n<\/div>\n<div class=\"\" data-block=\"true\" data-editor=\"e3hn\" data-offset-key=\"cj0ra-0-0\"><strong>\u00a0<\/strong><\/div>\n","protected":false},"excerpt":{"rendered":"<p>\u00ab\u00a0Et le Verbe s\u2019est fait chair et il a habit\u00e9 parmi nous et nous avons vu sa gloire.\u00a0\u00bb (Jn 1, 14) \u00a0 &gt; O\u00f9 est Dieu? \u00ab Il a habit\u00e9 parmi nous. \u00bb Il est fondamentalement \u00ab avec \u00bb les humains. Il est l\u2019Emmanuel, Dieu avec nous. Il accompagne, marche \u00e0 nos c\u00f4t\u00e9s, partage ce qui fait nos vies, avec leurs joies et d\u00e9ceptions, leur richesse et leur pauvret\u00e9. Il est le Dieu dans la mangeoire d\u2019une \u00e9table, le Dieu sur la route d\u2019un d\u00e9part loin de ses rep\u00e8res, le Dieu aupr\u00e8s de toutes celles et ceux de nous quand nous vivons ce rejet, parfois implicite, parfois non: \u00ab Il \u2026 <a class=\"continue-reading-link\" href=\"https:\/\/levangilealecran.com\/?p=1615\"> Continue reading <span class=\"meta-nav\">&rarr; <\/span><\/a><\/p>\n","protected":false},"author":2006,"featured_media":0,"comment_status":"open","ping_status":"open","sticky":false,"template":"","format":"standard","meta":{"footnotes":""},"categories":[4,24,5,201],"tags":[62,666,665,583,667],"class_list":["post-1615","post","type-post","status-publish","format-standard","hentry","category-dimanche","category-fetes","category-jean","category-noel","tag-dieu","tag-force","tag-fragilite","tag-gloire","tag-humain"],"_links":{"self":[{"href":"https:\/\/levangilealecran.com\/index.php?rest_route=\/wp\/v2\/posts\/1615","targetHints":{"allow":["GET"]}}],"collection":[{"href":"https:\/\/levangilealecran.com\/index.php?rest_route=\/wp\/v2\/posts"}],"about":[{"href":"https:\/\/levangilealecran.com\/index.php?rest_route=\/wp\/v2\/types\/post"}],"author":[{"embeddable":true,"href":"https:\/\/levangilealecran.com\/index.php?rest_route=\/wp\/v2\/users\/2006"}],"replies":[{"embeddable":true,"href":"https:\/\/levangilealecran.com\/index.php?rest_route=%2Fwp%2Fv2%2Fcomments&post=1615"}],"version-history":[{"count":1,"href":"https:\/\/levangilealecran.com\/index.php?rest_route=\/wp\/v2\/posts\/1615\/revisions"}],"predecessor-version":[{"id":1616,"href":"https:\/\/levangilealecran.com\/index.php?rest_route=\/wp\/v2\/posts\/1615\/revisions\/1616"}],"wp:attachment":[{"href":"https:\/\/levangilealecran.com\/index.php?rest_route=%2Fwp%2Fv2%2Fmedia&parent=1615"}],"wp:term":[{"taxonomy":"category","embeddable":true,"href":"https:\/\/levangilealecran.com\/index.php?rest_route=%2Fwp%2Fv2%2Fcategories&post=1615"},{"taxonomy":"post_tag","embeddable":true,"href":"https:\/\/levangilealecran.com\/index.php?rest_route=%2Fwp%2Fv2%2Ftags&post=1615"}],"curies":[{"name":"wp","href":"https:\/\/api.w.org\/{rel}","templated":true}]}}