{"id":161,"date":"2013-01-20T12:23:42","date_gmt":"2013-01-20T11:23:42","guid":{"rendered":"http:\/\/levangilealecran.com?p=161"},"modified":"2013-01-20T12:24:38","modified_gmt":"2013-01-20T11:24:38","slug":"2e-dimanche-c","status":"publish","type":"post","link":"https:\/\/levangilealecran.com\/?p=161","title":{"rendered":"2e dimanche &#8211; C"},"content":{"rendered":"<p style=\"text-align: justify;\">J\u00e9sus dit aux serviteurs : \u00ab Maintenant puisez et portez-en au ma\u00eetre du repas. \u00bb Ils lui en port\u00e8rent, et il go\u00fbta l&rsquo;eau devenue vin \u2014 il ne savait pas d&rsquo;o\u00f9 il venait, \u00e0 la diff\u00e9rence des serviteurs qui avaient puis\u00e9 l&rsquo;eau. \u00bb (Jn 2,8-9)<\/p>\n<p style=\"text-align: justify;\"><strong>&gt; En cette semaine de pri\u00e8re pour l\u2019unit\u00e9 des chr\u00e9tiens, l\u2019\u00e9pisode des noces de Cana nous invite \u00e0 r\u00e9fl\u00e9chir sur nos relations \u00e0 nos fr\u00e8res et s\u0153urs d\u2019autres confessions. Comment pouvez-vous changer l\u2019eau banale et quotidienne (mais n\u00e9cessaire !) en vin de la f\u00eate ? Et si cette semaine, vous ouvriez votre c\u0153ur \u00e0 la pri\u00e8re pour transformer nos Eglises divis\u00e9es en rassemblements festifs pour l\u2019unit\u00e9 de l\u2019Eglise universelle, suivant la pri\u00e8re de J\u00e9sus \u00ab que tous soient un, afin que le monde croie \u00bb ?<\/strong><\/p>\n","protected":false},"excerpt":{"rendered":"<p>J\u00e9sus dit aux serviteurs : \u00ab Maintenant puisez et portez-en au ma\u00eetre du repas. \u00bb Ils lui en port\u00e8rent, et il go\u00fbta l&rsquo;eau devenue vin \u2014 il ne savait pas d&rsquo;o\u00f9 il venait, \u00e0 la diff\u00e9rence des serviteurs qui avaient puis\u00e9 l&rsquo;eau. \u00bb (Jn 2,8-9) &gt; En cette semaine de pri\u00e8re pour l\u2019unit\u00e9 des chr\u00e9tiens, l\u2019\u00e9pisode des noces de Cana nous invite \u00e0 r\u00e9fl\u00e9chir sur nos relations \u00e0 nos fr\u00e8res et s\u0153urs d\u2019autres confessions. Comment pouvez-vous changer l\u2019eau banale et quotidienne (mais n\u00e9cessaire !) en vin de la f\u00eate ? Et si cette semaine, vous ouvriez votre c\u0153ur \u00e0 la pri\u00e8re pour transformer nos Eglises divis\u00e9es en rassemblements festifs pour \u2026 <a class=\"continue-reading-link\" href=\"https:\/\/levangilealecran.com\/?p=161\"> Continue reading <span class=\"meta-nav\">&rarr; <\/span><\/a><\/p>\n","protected":false},"author":1,"featured_media":0,"comment_status":"open","ping_status":"open","sticky":false,"template":"","format":"standard","meta":{"footnotes":""},"categories":[4,5],"tags":[33,31,32,34],"class_list":["post-161","post","type-post","status-publish","format-standard","hentry","category-dimanche","category-jean","tag-noces","tag-priere","tag-unite","tag-vin"],"_links":{"self":[{"href":"https:\/\/levangilealecran.com\/index.php?rest_route=\/wp\/v2\/posts\/161","targetHints":{"allow":["GET"]}}],"collection":[{"href":"https:\/\/levangilealecran.com\/index.php?rest_route=\/wp\/v2\/posts"}],"about":[{"href":"https:\/\/levangilealecran.com\/index.php?rest_route=\/wp\/v2\/types\/post"}],"author":[{"embeddable":true,"href":"https:\/\/levangilealecran.com\/index.php?rest_route=\/wp\/v2\/users\/1"}],"replies":[{"embeddable":true,"href":"https:\/\/levangilealecran.com\/index.php?rest_route=%2Fwp%2Fv2%2Fcomments&post=161"}],"version-history":[{"count":2,"href":"https:\/\/levangilealecran.com\/index.php?rest_route=\/wp\/v2\/posts\/161\/revisions"}],"predecessor-version":[{"id":163,"href":"https:\/\/levangilealecran.com\/index.php?rest_route=\/wp\/v2\/posts\/161\/revisions\/163"}],"wp:attachment":[{"href":"https:\/\/levangilealecran.com\/index.php?rest_route=%2Fwp%2Fv2%2Fmedia&parent=161"}],"wp:term":[{"taxonomy":"category","embeddable":true,"href":"https:\/\/levangilealecran.com\/index.php?rest_route=%2Fwp%2Fv2%2Fcategories&post=161"},{"taxonomy":"post_tag","embeddable":true,"href":"https:\/\/levangilealecran.com\/index.php?rest_route=%2Fwp%2Fv2%2Ftags&post=161"}],"curies":[{"name":"wp","href":"https:\/\/api.w.org\/{rel}","templated":true}]}}