{"id":1602,"date":"2019-01-04T08:00:36","date_gmt":"2019-01-04T07:00:36","guid":{"rendered":"http:\/\/levangilealecran.com?p=1602"},"modified":"2018-12-21T12:19:12","modified_gmt":"2018-12-21T11:19:12","slug":"6-janvier-2019-lepiphanie-du-seigneur-c","status":"publish","type":"post","link":"https:\/\/levangilealecran.com\/?p=1602","title":{"rendered":"6 janvier 2019 \u2013 L&rsquo;\u00c9piphanie du Seigneur  \u2013 C"},"content":{"rendered":"<blockquote><p>\u00ab Et voici que l\u2019\u00e9toile qu\u2019ils avaient vue \u00e0 l\u2019orient les pr\u00e9c\u00e9dait, jusqu\u2019\u00e0 ce qu\u2019elle vienne s\u2019arr\u00eater au-dessus de l\u2019endroit o\u00f9 se trouvait l\u2019enfant. \u00bb (Mt 2, 9)<\/p><\/blockquote>\n<p><a title=\"\" href=\"http:\/\/levangilealecran.comwp-content\/uploads\/2018\/12\/20190106_Mc29.png\"><img loading=\"lazy\" decoding=\"async\" class=\"aligncenter wp-image-1603\" title=\"\" src=\"http:\/\/levangilealecran.comwp-content\/uploads\/2018\/12\/20190106_Mc29-300x300.png\" alt=\"\" width=\"500\" height=\"500\" srcset=\"https:\/\/levangilealecran.com\/wp-content\/uploads\/2018\/12\/20190106_Mc29-300x300.png 300w, https:\/\/levangilealecran.com\/wp-content\/uploads\/2018\/12\/20190106_Mc29-150x150.png 150w, https:\/\/levangilealecran.com\/wp-content\/uploads\/2018\/12\/20190106_Mc29-768x768.png 768w, https:\/\/levangilealecran.com\/wp-content\/uploads\/2018\/12\/20190106_Mc29-1024x1024.png 1024w, https:\/\/levangilealecran.com\/wp-content\/uploads\/2018\/12\/20190106_Mc29-600x600.png 600w, https:\/\/levangilealecran.com\/wp-content\/uploads\/2018\/12\/20190106_Mc29.png 1200w\" sizes=\"auto, (max-width: 500px) 100vw, 500px\" \/><\/a><\/p>\n<p><strong>&gt; L\u2019\u00e9piphanie est une c\u00e9l\u00e9bration chr\u00e9tienne, qui signifie l\u2019apparition ou l\u2019av\u00e8nement \u2013 Dieu se donne \u00e0 voir.<\/strong><\/p>\n<p>Mais alors pourquoi on la f\u00eate apr\u00e8s No\u00ebl ? Pour les Chr\u00e9tiens d\u2019orient, il s\u2019agit de la date d\u2019anniversaire du bapt\u00eame du Christ. En effet chez les juifs &#8211; oui J\u00e9sus \u00e9tait juif &#8211; le bapt\u00eame avait lieu 8 jours apr\u00e8s la naissance. Les adeptes de math diront que 8 jours apr\u00e8s No\u00ebl \u00e7a ne donne pas le 6 janvier et \u00e7a tombe bien car les adeptes d&rsquo;histoire diront qu&rsquo;il n&rsquo;est pas n\u00e9 exactement le 25 d\u00e9cembre&#8230; Au fond, il ne s&rsquo;agit pas de donner raison \u00e0 l&rsquo;un ou \u00e0 l&rsquo;autre, mais de regarder ce que ce texte de l&rsquo;\u00c9vangile peut nous dire encore aujourd&rsquo;hui.<\/p>\n<p><strong>&gt; Melchior, Gaspard, Balthazar et pis Fanny.<\/strong><\/p>\n<p>Toute une tradition entoure cette f\u00eate, et pourtant le texte biblique ne parle ni de rois, ni de trois, ni de galettes. Par contre, ce que le texte de ce dimanche mentionne quatre fois et qui traverse comme un guide toute la structure du texte, c&rsquo;est l&rsquo;\u00e9toile. Une pr\u00e9sence de lumi\u00e8re dans l&rsquo;obscurit\u00e9 du ciel. Une pr\u00e9sence et une signe du temps qui demande que l&rsquo;on s&rsquo;y attarde pour la d\u00e9celer, au risque de ne pas la voir.<\/p>\n<p><strong>&gt; Quand nous couperons un morceau de galette et que nous tomberons sur la f\u00e8ve &#8211; que nous aurons tout juste manqu\u00e9 de fendre en deux &#8211; alors nous serons \u00e9tablis roi ou reine du jour, ou du moins jusqu&rsquo;\u00e0 la galette suivante. Mais oserons-nous d\u00e9clarer vouloir suivre la lumi\u00e8re de l&rsquo;\u00e9toile qui traverse le texte de ce dimanche ? Cette semaine, prenons le temps de r\u00e9fl\u00e9chir \u00e0 qui est notre roi ? \u00c0 qui permettons nous de r\u00e9gner sur nos vies ? Donnons au Christ sa place et remercions le d&rsquo;\u00eatre venu \u00e0 notre rencontre dans une douceur in\u00e9gal\u00e9e et insoup\u00e7onn\u00e9e. Finalement, notre confiance en lui renouvel\u00e9e, laissons sa fid\u00e8le lumi\u00e8re discr\u00e8te nous montrer le chemin pour le rejoindre.<\/strong><\/p>\n<hr \/>\n<blockquote>\n<p style=\"text-align: center;\"><span style=\"color: #ff00ff;\"><strong><span style=\"color: #0000ff;\">Au nom de l&rsquo;\u00e9quipe de r\u00e9daction des billets de<\/span><span style=\"color: #ff9900;\"> l&rsquo;\u00c9vangile \u00e0 l&rsquo;\u00e9cran,<\/span><br \/>\n<span style=\"color: #ff0000;\">nous vous souhaitons une heureuse ann\u00e9e 2019<\/span> <span style=\"color: #339966;\">sous le regard aimant du P\u00e8re !<br \/>\n<\/span><\/strong><\/span><span style=\"color: #993366;\"><strong>Soyez abondamment b\u00e9nis !<\/strong><\/span><\/p>\n<\/blockquote>\n","protected":false},"excerpt":{"rendered":"<p>\u00ab Et voici que l\u2019\u00e9toile qu\u2019ils avaient vue \u00e0 l\u2019orient les pr\u00e9c\u00e9dait, jusqu\u2019\u00e0 ce qu\u2019elle vienne s\u2019arr\u00eater au-dessus de l\u2019endroit o\u00f9 se trouvait l\u2019enfant. \u00bb (Mt 2, 9) &gt; L\u2019\u00e9piphanie est une c\u00e9l\u00e9bration chr\u00e9tienne, qui signifie l\u2019apparition ou l\u2019av\u00e8nement \u2013 Dieu se donne \u00e0 voir. Mais alors pourquoi on la f\u00eate apr\u00e8s No\u00ebl ? Pour les Chr\u00e9tiens d\u2019orient, il s\u2019agit de la date d\u2019anniversaire du bapt\u00eame du Christ. En effet chez les juifs &#8211; oui J\u00e9sus \u00e9tait juif &#8211; le bapt\u00eame avait lieu 8 jours apr\u00e8s la naissance. Les adeptes de math diront que 8 jours apr\u00e8s No\u00ebl \u00e7a ne donne pas le 6 janvier et \u00e7a tombe bien car \u2026 <a class=\"continue-reading-link\" href=\"https:\/\/levangilealecran.com\/?p=1602\"> Continue reading <span class=\"meta-nav\">&rarr; <\/span><\/a><\/p>\n","protected":false},"author":2006,"featured_media":0,"comment_status":"open","ping_status":"open","sticky":false,"template":"","format":"standard","meta":{"footnotes":""},"categories":[24,8,1],"tags":[28,354,182,232],"class_list":["post-1602","post","type-post","status-publish","format-standard","hentry","category-fetes","category-matthieu","category-sanscategorie","tag-epiphanie","tag-etoile","tag-roi","tag-suivre"],"_links":{"self":[{"href":"https:\/\/levangilealecran.com\/index.php?rest_route=\/wp\/v2\/posts\/1602","targetHints":{"allow":["GET"]}}],"collection":[{"href":"https:\/\/levangilealecran.com\/index.php?rest_route=\/wp\/v2\/posts"}],"about":[{"href":"https:\/\/levangilealecran.com\/index.php?rest_route=\/wp\/v2\/types\/post"}],"author":[{"embeddable":true,"href":"https:\/\/levangilealecran.com\/index.php?rest_route=\/wp\/v2\/users\/2006"}],"replies":[{"embeddable":true,"href":"https:\/\/levangilealecran.com\/index.php?rest_route=%2Fwp%2Fv2%2Fcomments&post=1602"}],"version-history":[{"count":5,"href":"https:\/\/levangilealecran.com\/index.php?rest_route=\/wp\/v2\/posts\/1602\/revisions"}],"predecessor-version":[{"id":1614,"href":"https:\/\/levangilealecran.com\/index.php?rest_route=\/wp\/v2\/posts\/1602\/revisions\/1614"}],"wp:attachment":[{"href":"https:\/\/levangilealecran.com\/index.php?rest_route=%2Fwp%2Fv2%2Fmedia&parent=1602"}],"wp:term":[{"taxonomy":"category","embeddable":true,"href":"https:\/\/levangilealecran.com\/index.php?rest_route=%2Fwp%2Fv2%2Fcategories&post=1602"},{"taxonomy":"post_tag","embeddable":true,"href":"https:\/\/levangilealecran.com\/index.php?rest_route=%2Fwp%2Fv2%2Ftags&post=1602"}],"curies":[{"name":"wp","href":"https:\/\/api.w.org\/{rel}","templated":true}]}}