{"id":1594,"date":"2018-12-14T08:58:01","date_gmt":"2018-12-14T07:58:01","guid":{"rendered":"http:\/\/levangilealecran.com?p=1594"},"modified":"2018-12-14T09:00:33","modified_gmt":"2018-12-14T08:00:33","slug":"3e-dimanche-de-lavent-c-2","status":"publish","type":"post","link":"https:\/\/levangilealecran.com\/?p=1594","title":{"rendered":"3e dimanche de l\u2019Avent \u2013 C"},"content":{"rendered":"<div id=\"js_109\" class=\"_5pbx userContent _3576\" data-ad-preview=\"message\" data-ft=\"{&quot;tn&quot;:&quot;K&quot;}\">\n<blockquote><p>\u00ab En ce temps-l\u00e0,\u00a0les foules qui venaient se faire baptiser par Jean\u00a0lui demandaient :<br \/>\n\u00ab Que devons-nous faire ? \u00bb\u00a0Jean leur r\u00e9pondait :\u00a0\u00ab Celui qui a deux v\u00eatements,\u00a0qu\u2019il partage avec celui qui n\u2019en a pas ;\u00a0et celui qui a de quoi manger, qu\u2019il fasse de m\u00eame ! \u00bb\u00a0(Luc 3, 10-11)<\/p><\/blockquote>\n<\/div>\n<p><a href=\"http:\/\/levangilealecran.comwp-content\/uploads\/2018\/12\/ImageEvEcr2018_12_016.jpg\"><img loading=\"lazy\" decoding=\"async\" class=\"aligncenter size-medium wp-image-1595\" src=\"http:\/\/levangilealecran.comwp-content\/uploads\/2018\/12\/ImageEvEcr2018_12_016-300x300.jpg\" alt=\"\" width=\"300\" height=\"300\" srcset=\"https:\/\/levangilealecran.com\/wp-content\/uploads\/2018\/12\/ImageEvEcr2018_12_016-300x300.jpg 300w, https:\/\/levangilealecran.com\/wp-content\/uploads\/2018\/12\/ImageEvEcr2018_12_016-150x150.jpg 150w, https:\/\/levangilealecran.com\/wp-content\/uploads\/2018\/12\/ImageEvEcr2018_12_016.jpg 600w\" sizes=\"auto, (max-width: 300px) 100vw, 300px\" \/><\/a><\/p>\n<div id=\"js_109\" class=\"_5pbx userContent _3576\" data-ad-preview=\"message\" data-ft=\"{&quot;tn&quot;:&quot;K&quot;}\">\n<p><strong>&gt; Parfois quand nous regardons le monde, sa violence, ses attentats, ses r\u00e9voltes sociales, la d\u00e9tresse des humains, nous pouvons nous sentir impuissants. Que devons-nous faire ? Ce serait tellement plus simple si quelqu\u2019un \u00e9tait l\u00e0 pour nous donner la direction, le sens, du chemin\u2026<\/strong><\/p>\n<p><strong>Mais Dieu est l\u00e0. Par sa Parole, il vient nous montrer le chemin. Dans ce passage, les foules viennent de se faire baptiser. Et elles posent elles aussi, comme nous, la question : \u00ab que devons-nous faire ? \u00bb.<\/strong><\/p>\n<p><strong>Le bapt\u00eame est conversion, il met en route, provoque un changement de regard sur le monde, sur nous-m\u00eames et sur Dieu : J\u00e9sus nous invite non plus \u00e0 la peur mais \u00e0 la confiance, non plus \u00e0 l\u2019individualisme et \u00e0 l\u2019\u00e9gocentrisme, mais au partage, non plus \u00e0 profiter de notre pouvoir, mais \u00e0 demander ce qui est juste, non plus d\u2019exploser dans la violence, mais de se contenter de ce que l\u2019on re\u00e7oit. Quel changement de regard !<\/strong><\/p>\n<p><strong>Le partage est mat\u00e9riel, nourriture ou v\u00eatement, mais il est aussi spirituel : quand as-tu pour la derni\u00e8re fois partag\u00e9 avec un ami une bonne nouvelle ? Quand as-tu pour la derni\u00e8re fois partag\u00e9 la Bonne Nouvelle du Christ Sauveur pour ta vie ? Car comme disait un ami : \u00ab si l\u2019\u00c9vangile est une bonne nouvelle, alors cette nouvelle doit \u00eatre partag\u00e9e \u00bb. Face aux d\u00e9sillusions du monde, la Bonne Nouvelle a le pouvoir de tout changer\u2026<\/strong><\/p>\n<p><strong>Alors cette semaine, changeons de regard ! Face aux sentiments d\u2019impuissance que nous peuvent nous envahir, suivons avec humilit\u00e9 et simplicit\u00e9 le chemin ouvert par J\u00e9sus : confiance, partage, justice, reconnaissance. Un chemin qui se concr\u00e9tise par des gestes tr\u00e8s pratiques, tangibles, de notre quotidien. Un Evangile \u00e0 vivre donc, en cette semaine de l\u2019Avent, \u00e0 partager.<\/strong><\/p>\n<\/div>\n<div class=\"_3x-2\" data-ft=\"{&quot;tn&quot;:&quot;H&quot;}\">\n<div data-ft=\"{&quot;tn&quot;:&quot;H&quot;}\">\n<div class=\"mtm\">\n<div>\n<div class=\"_1ktf\" data-ft=\"{&quot;tn&quot;:&quot;E&quot;}\"><\/div>\n<\/div>\n<\/div>\n<\/div>\n<\/div>\n","protected":false},"excerpt":{"rendered":"<p>\u00ab En ce temps-l\u00e0,\u00a0les foules qui venaient se faire baptiser par Jean\u00a0lui demandaient : \u00ab Que devons-nous faire ? \u00bb\u00a0Jean leur r\u00e9pondait :\u00a0\u00ab Celui qui a deux v\u00eatements,\u00a0qu\u2019il partage avec celui qui n\u2019en a pas ;\u00a0et celui qui a de quoi manger, qu\u2019il fasse de m\u00eame ! \u00bb\u00a0(Luc 3, 10-11) &gt; Parfois quand nous regardons le monde, sa violence, ses attentats, ses r\u00e9voltes sociales, la d\u00e9tresse des humains, nous pouvons nous sentir impuissants. Que devons-nous faire ? Ce serait tellement plus simple si quelqu\u2019un \u00e9tait l\u00e0 pour nous donner la direction, le sens, du chemin\u2026 Mais Dieu est l\u00e0. Par sa Parole, il vient nous montrer le chemin. Dans ce \u2026 <a class=\"continue-reading-link\" href=\"https:\/\/levangilealecran.com\/?p=1594\"> Continue reading <span class=\"meta-nav\">&rarr; <\/span><\/a><\/p>\n","protected":false},"author":2006,"featured_media":0,"comment_status":"open","ping_status":"open","sticky":false,"template":"","format":"standard","meta":{"footnotes":""},"categories":[147,4,6],"tags":[18,163,26,663,662,134,42,218,209,20],"class_list":["post-1594","post","type-post","status-publish","format-standard","hentry","category-avent-2","category-dimanche","category-luc","tag-avent","tag-bonne-nouvelle","tag-confiance","tag-egoisme","tag-impuissance","tag-justice","tag-partage","tag-reconnaissance","tag-regard","tag-violence"],"_links":{"self":[{"href":"https:\/\/levangilealecran.com\/index.php?rest_route=\/wp\/v2\/posts\/1594","targetHints":{"allow":["GET"]}}],"collection":[{"href":"https:\/\/levangilealecran.com\/index.php?rest_route=\/wp\/v2\/posts"}],"about":[{"href":"https:\/\/levangilealecran.com\/index.php?rest_route=\/wp\/v2\/types\/post"}],"author":[{"embeddable":true,"href":"https:\/\/levangilealecran.com\/index.php?rest_route=\/wp\/v2\/users\/2006"}],"replies":[{"embeddable":true,"href":"https:\/\/levangilealecran.com\/index.php?rest_route=%2Fwp%2Fv2%2Fcomments&post=1594"}],"version-history":[{"count":5,"href":"https:\/\/levangilealecran.com\/index.php?rest_route=\/wp\/v2\/posts\/1594\/revisions"}],"predecessor-version":[{"id":1600,"href":"https:\/\/levangilealecran.com\/index.php?rest_route=\/wp\/v2\/posts\/1594\/revisions\/1600"}],"wp:attachment":[{"href":"https:\/\/levangilealecran.com\/index.php?rest_route=%2Fwp%2Fv2%2Fmedia&parent=1594"}],"wp:term":[{"taxonomy":"category","embeddable":true,"href":"https:\/\/levangilealecran.com\/index.php?rest_route=%2Fwp%2Fv2%2Fcategories&post=1594"},{"taxonomy":"post_tag","embeddable":true,"href":"https:\/\/levangilealecran.com\/index.php?rest_route=%2Fwp%2Fv2%2Ftags&post=1594"}],"curies":[{"name":"wp","href":"https:\/\/api.w.org\/{rel}","templated":true}]}}