{"id":1586,"date":"2018-11-30T11:30:45","date_gmt":"2018-11-30T10:30:45","guid":{"rendered":"http:\/\/levangilealecran.com?p=1586"},"modified":"2018-11-30T11:30:45","modified_gmt":"2018-11-30T10:30:45","slug":"1er-dimanche-de-lavent-annee-c","status":"publish","type":"post","link":"https:\/\/levangilealecran.com\/?p=1586","title":{"rendered":"1er Dimanche de l&rsquo;Avent \u2014 Ann\u00e9e C"},"content":{"rendered":"<blockquote><p>\u00ab\u00a0Restez \u00e9veill\u00e9s et priez en tout temps\u00a0\u00bb (Luc 21, 36)<\/p><\/blockquote>\n<p><a title=\"\" href=\"http:\/\/levangilealecran.comwp-content\/uploads\/2018\/11\/20181202_Lc2136.png\"><img loading=\"lazy\" decoding=\"async\" class=\"aligncenter size-medium wp-image-1587\" title=\"\" src=\"http:\/\/levangilealecran.comwp-content\/uploads\/2018\/11\/20181202_Lc2136-300x300.png\" alt=\"\" width=\"300\" height=\"300\" srcset=\"https:\/\/levangilealecran.com\/wp-content\/uploads\/2018\/11\/20181202_Lc2136-300x300.png 300w, https:\/\/levangilealecran.com\/wp-content\/uploads\/2018\/11\/20181202_Lc2136-150x150.png 150w, https:\/\/levangilealecran.com\/wp-content\/uploads\/2018\/11\/20181202_Lc2136-768x768.png 768w, https:\/\/levangilealecran.com\/wp-content\/uploads\/2018\/11\/20181202_Lc2136-1024x1024.png 1024w, https:\/\/levangilealecran.com\/wp-content\/uploads\/2018\/11\/20181202_Lc2136-600x600.png 600w, https:\/\/levangilealecran.com\/wp-content\/uploads\/2018\/11\/20181202_Lc2136.png 1200w\" sizes=\"auto, (max-width: 300px) 100vw, 300px\" \/><\/a><\/p>\n<p><strong>&gt; L&rsquo;Evangile de dimanche nous parle de temps durs, de nations affol\u00e9es et d\u00e9sempar\u00e9es, du fracas de la mer et des flots. Et c&rsquo;est vrai que ce n&rsquo;est pas tous les jours facile de faire face aux mauvaises nouvelles qui d\u00e9ferlent dans nos journaux. Le mois de novembre avec ses jours qui s&rsquo;assombrissent et ses nuits qui s&rsquo;allongent souvent nous laisse un go\u00fbt amer et une certaine d\u00e9motivation.<\/strong><\/p>\n<p><strong>Le Christ lui, nous annonce avec espoir son arriv\u00e9e. Cet Evangile contient en lui une puissance dans son encouragement \u00e0 rester debout, \u00e0 se mettre en pri\u00e8re afin de permettre \u00e0 Sa lumi\u00e8re de remplir nos craintes.<\/strong><\/p>\n<p><strong>&gt; Cette semaine, allumons la premi\u00e8re bougie de l&rsquo;Avent. Sur la couronne certes, mais surtout aussi dans nos c\u0153urs ! Soyons remplis et brillons par l&rsquo;Esprit de Dieu d&rsquo;une lueur d&rsquo;espoir et portons dans nos pri\u00e8res, en tout temps, les personnes qui nous entourent. Soyez b\u00e9nis en ce d\u00e9but d&rsquo;un temps \u00e0 part !<\/strong><\/p>\n","protected":false},"excerpt":{"rendered":"<p>\u00ab\u00a0Restez \u00e9veill\u00e9s et priez en tout temps\u00a0\u00bb (Luc 21, 36) &gt; L&rsquo;Evangile de dimanche nous parle de temps durs, de nations affol\u00e9es et d\u00e9sempar\u00e9es, du fracas de la mer et des flots. Et c&rsquo;est vrai que ce n&rsquo;est pas tous les jours facile de faire face aux mauvaises nouvelles qui d\u00e9ferlent dans nos journaux. Le mois de novembre avec ses jours qui s&rsquo;assombrissent et ses nuits qui s&rsquo;allongent souvent nous laisse un go\u00fbt amer et une certaine d\u00e9motivation. Le Christ lui, nous annonce avec espoir son arriv\u00e9e. Cet Evangile contient en lui une puissance dans son encouragement \u00e0 rester debout, \u00e0 se mettre en pri\u00e8re afin de permettre \u00e0 Sa \u2026 <a class=\"continue-reading-link\" href=\"https:\/\/levangilealecran.com\/?p=1586\"> Continue reading <span class=\"meta-nav\">&rarr; <\/span><\/a><\/p>\n","protected":false},"author":2006,"featured_media":0,"comment_status":"open","ping_status":"open","sticky":false,"template":"","format":"standard","meta":{"footnotes":""},"categories":[147,4,6,201],"tags":[658,576],"class_list":["post-1586","post","type-post","status-publish","format-standard","hentry","category-avent-2","category-dimanche","category-luc","category-noel","tag-briller","tag-espoir"],"_links":{"self":[{"href":"https:\/\/levangilealecran.com\/index.php?rest_route=\/wp\/v2\/posts\/1586","targetHints":{"allow":["GET"]}}],"collection":[{"href":"https:\/\/levangilealecran.com\/index.php?rest_route=\/wp\/v2\/posts"}],"about":[{"href":"https:\/\/levangilealecran.com\/index.php?rest_route=\/wp\/v2\/types\/post"}],"author":[{"embeddable":true,"href":"https:\/\/levangilealecran.com\/index.php?rest_route=\/wp\/v2\/users\/2006"}],"replies":[{"embeddable":true,"href":"https:\/\/levangilealecran.com\/index.php?rest_route=%2Fwp%2Fv2%2Fcomments&post=1586"}],"version-history":[{"count":1,"href":"https:\/\/levangilealecran.com\/index.php?rest_route=\/wp\/v2\/posts\/1586\/revisions"}],"predecessor-version":[{"id":1588,"href":"https:\/\/levangilealecran.com\/index.php?rest_route=\/wp\/v2\/posts\/1586\/revisions\/1588"}],"wp:attachment":[{"href":"https:\/\/levangilealecran.com\/index.php?rest_route=%2Fwp%2Fv2%2Fmedia&parent=1586"}],"wp:term":[{"taxonomy":"category","embeddable":true,"href":"https:\/\/levangilealecran.com\/index.php?rest_route=%2Fwp%2Fv2%2Fcategories&post=1586"},{"taxonomy":"post_tag","embeddable":true,"href":"https:\/\/levangilealecran.com\/index.php?rest_route=%2Fwp%2Fv2%2Ftags&post=1586"}],"curies":[{"name":"wp","href":"https:\/\/api.w.org\/{rel}","templated":true}]}}