{"id":1577,"date":"2018-11-16T11:17:24","date_gmt":"2018-11-16T10:17:24","guid":{"rendered":"http:\/\/levangilealecran.com?p=1577"},"modified":"2018-11-16T11:19:44","modified_gmt":"2018-11-16T10:19:44","slug":"33e-dimanche-du-temps-ordinaire-b","status":"publish","type":"post","link":"https:\/\/levangilealecran.com\/?p=1577","title":{"rendered":"33e dimanche du temps ordinaire &#8211; B"},"content":{"rendered":"<blockquote>\n<div class=\"\"><span class=\"\"><i class=\"\">\u00ab\u00a0Sachez que le Fils de l\u2019homme est proche, qu\u2019il est \u00e0 vos portes.\u00a0\u00bb (Mc 13, 29)<\/i><\/span><\/div>\n<\/blockquote>\n<div class=\"\"><\/div>\n<p><strong>&gt; Comment J\u00e9sus parle-t-il de sa proximit\u00e9? A premi\u00e8re vue, je l\u2019associe \u00e0 la fin des temps, \u00e0 la fin du monde, et je nourris mes peurs avec pessimisme, d\u00e9faitisme, d\u00e9couragement et amertume.<\/strong><\/p>\n<p><strong>Pourtant, J\u00e9sus nous met en garde: au sujet de la fin de temps, vous n\u2019en savez rien. Sortez de la peur pour entrer dans une attitude de veille. Gardez mes paroles, car elles sont solides et ne passent pas. Mes paroles qui parlent de prendre soin. Des humains, de la nature, du monde.<\/strong><\/p>\n<p><strong>La proximit\u00e9 de J\u00e9sus, elle se d\u00e9couvre lorsque l\u2019on sort de la temporalit\u00e9 pass\u00e9-futur pour entrer dans le cadeau du pr\u00e9sent. C\u2019est ce que raconte l\u2019image du soleil et de la lune qui rythment le temps: ils disparaissent.<\/strong><\/p>\n<p><strong>La proximit\u00e9 de J\u00e9sus, elle se d\u00e9couvre lorsque l\u2019on cesse de chercher le sens de la vie dans les \u00e9toiles et que nos yeux redescendent pour voir ce qui nous entoure. C\u2019est ce que raconte la chute des \u00e9toiles.<\/strong><\/p>\n<p><strong>La proximit\u00e9 de J\u00e9sus, elle se d\u00e9couvre lorsque nous sommes rassembl\u00e9s des quatre coins du monde de nos diff\u00e9rences pour ne faire qu\u2019un, que nous d\u00e9couvrons cette unit\u00e9 du vivant. C\u2019est ce que raconte les anges qui rassemblent.<\/strong><\/p>\n<p><strong>Enfin, la proximit\u00e9 de J\u00e9sus, elle se d\u00e9couvre dans cette puissance de vie qui se d\u00e9ploie toujours \u00e0 nouveau et cr\u00e9e du beau, du neuf, de l\u2019esp\u00e9rance, de l\u2019amour. C\u2019est ce que raconte la gloire du Fils de l\u2019homme.<\/strong><\/p>\n<div class=\"\"><strong>\u00a0<\/strong><\/div>\n","protected":false},"excerpt":{"rendered":"<p>\u00ab\u00a0Sachez que le Fils de l\u2019homme est proche, qu\u2019il est \u00e0 vos portes.\u00a0\u00bb (Mc 13, 29) &gt; Comment J\u00e9sus parle-t-il de sa proximit\u00e9? A premi\u00e8re vue, je l\u2019associe \u00e0 la fin des temps, \u00e0 la fin du monde, et je nourris mes peurs avec pessimisme, d\u00e9faitisme, d\u00e9couragement et amertume. Pourtant, J\u00e9sus nous met en garde: au sujet de la fin de temps, vous n\u2019en savez rien. Sortez de la peur pour entrer dans une attitude de veille. Gardez mes paroles, car elles sont solides et ne passent pas. Mes paroles qui parlent de prendre soin. Des humains, de la nature, du monde. La proximit\u00e9 de J\u00e9sus, elle se d\u00e9couvre lorsque \u2026 <a class=\"continue-reading-link\" href=\"https:\/\/levangilealecran.com\/?p=1577\"> Continue reading <span class=\"meta-nav\">&rarr; <\/span><\/a><\/p>\n","protected":false},"author":2006,"featured_media":0,"comment_status":"open","ping_status":"open","sticky":false,"template":"","format":"standard","meta":{"footnotes":""},"categories":[4,7],"tags":[38,145],"class_list":["post-1577","post","type-post","status-publish","format-standard","hentry","category-dimanche","category-marc","tag-jesus","tag-proximite"],"_links":{"self":[{"href":"https:\/\/levangilealecran.com\/index.php?rest_route=\/wp\/v2\/posts\/1577","targetHints":{"allow":["GET"]}}],"collection":[{"href":"https:\/\/levangilealecran.com\/index.php?rest_route=\/wp\/v2\/posts"}],"about":[{"href":"https:\/\/levangilealecran.com\/index.php?rest_route=\/wp\/v2\/types\/post"}],"author":[{"embeddable":true,"href":"https:\/\/levangilealecran.com\/index.php?rest_route=\/wp\/v2\/users\/2006"}],"replies":[{"embeddable":true,"href":"https:\/\/levangilealecran.com\/index.php?rest_route=%2Fwp%2Fv2%2Fcomments&post=1577"}],"version-history":[{"count":5,"href":"https:\/\/levangilealecran.com\/index.php?rest_route=\/wp\/v2\/posts\/1577\/revisions"}],"predecessor-version":[{"id":1582,"href":"https:\/\/levangilealecran.com\/index.php?rest_route=\/wp\/v2\/posts\/1577\/revisions\/1582"}],"wp:attachment":[{"href":"https:\/\/levangilealecran.com\/index.php?rest_route=%2Fwp%2Fv2%2Fmedia&parent=1577"}],"wp:term":[{"taxonomy":"category","embeddable":true,"href":"https:\/\/levangilealecran.com\/index.php?rest_route=%2Fwp%2Fv2%2Fcategories&post=1577"},{"taxonomy":"post_tag","embeddable":true,"href":"https:\/\/levangilealecran.com\/index.php?rest_route=%2Fwp%2Fv2%2Ftags&post=1577"}],"curies":[{"name":"wp","href":"https:\/\/api.w.org\/{rel}","templated":true}]}}