{"id":1565,"date":"2018-10-26T08:00:05","date_gmt":"2018-10-26T06:00:05","guid":{"rendered":"http:\/\/levangilealecran.com?p=1565"},"modified":"2018-10-25T17:03:49","modified_gmt":"2018-10-25T15:03:49","slug":"30e-dimanche-du-temps-ordinaire-b","status":"publish","type":"post","link":"https:\/\/levangilealecran.com\/?p=1565","title":{"rendered":"30e dimanche du temps ordinaire \u2013 B"},"content":{"rendered":"<blockquote><p>\u00ab Que veux-tu que je fasse pour toi ? \u00bb (Marc 10,51)<\/p><\/blockquote>\n<p><a title=\"\" href=\"http:\/\/levangilealecran.comwp-content\/uploads\/2018\/10\/20181028_Mc1051.png\"><img loading=\"lazy\" decoding=\"async\" class=\"aligncenter size-medium wp-image-1566\" title=\"\" src=\"http:\/\/levangilealecran.comwp-content\/uploads\/2018\/10\/20181028_Mc1051-300x300.png\" alt=\"\" width=\"300\" height=\"300\" srcset=\"https:\/\/levangilealecran.com\/wp-content\/uploads\/2018\/10\/20181028_Mc1051-300x300.png 300w, https:\/\/levangilealecran.com\/wp-content\/uploads\/2018\/10\/20181028_Mc1051-150x150.png 150w, https:\/\/levangilealecran.com\/wp-content\/uploads\/2018\/10\/20181028_Mc1051-768x768.png 768w, https:\/\/levangilealecran.com\/wp-content\/uploads\/2018\/10\/20181028_Mc1051-1024x1024.png 1024w, https:\/\/levangilealecran.com\/wp-content\/uploads\/2018\/10\/20181028_Mc1051-600x600.png 600w, https:\/\/levangilealecran.com\/wp-content\/uploads\/2018\/10\/20181028_Mc1051.png 1200w\" sizes=\"auto, (max-width: 300px) 100vw, 300px\" \/><\/a><br \/>\n<strong>&gt; On apprend dans cet Evangile que Bartim\u00e9e, aveugle, court et se pr\u00e9cipite vers J\u00e9sus. Cet \u00e9lan montre l&rsquo;espoir fou plac\u00e9 en ce J\u00e9sus qui pourrait l&rsquo;aider&#8230; Et l\u00e0, le Christ lui pose cette \u00e9trange question. Cela para\u00eet \u00e9vident non ? Pourtant Bartim\u00e9e n&rsquo;a pas sembl\u00e9 surpris ou \u00e9tonn\u00e9 de la question. Le Christ n&rsquo;a pas impos\u00e9, ni d\u00e9cid\u00e9 \u00e0 la place de Bartim\u00e9e ce dont il avait besoin. Il lui a donn\u00e9 la possibilit\u00e9 de demander avec humilit\u00e9, lui offrant ainsi une place centrale et pleine.<\/strong><\/p>\n<p><strong>J&rsquo;aime cette illustration : un parent voit dans le regard de son enfant qu&rsquo;il d\u00e9sire quelque chose, par exemple une glace \u00e0 la plage&#8230; Mais quelle joie de l&rsquo;entendre demander et de pouvoir r\u00e9pondre \u00e0 son envie. La limite de cette comparaison est grande : il ne s&rsquo;agit pour Bartim\u00e9e en tout cas pas d&rsquo;une friandise ou d&rsquo;un caprice, mais de la vie restaur\u00e9e, et de pouvoir ensuite marcher \u00e0 la suite de J\u00e9sus !<\/strong><\/p>\n<p><strong>&gt; Cette semaine, laissons-nous toucher par la voix de J\u00e9sus qui nous demande \u00ab\u00a0que veux-tu ?\u00a0\u00bb et osons lui dire avec foi ce dont nous avons besoin pour le suivre !<\/strong><\/p>\n","protected":false},"excerpt":{"rendered":"<p>\u00ab Que veux-tu que je fasse pour toi ? \u00bb (Marc 10,51) &gt; On apprend dans cet Evangile que Bartim\u00e9e, aveugle, court et se pr\u00e9cipite vers J\u00e9sus. Cet \u00e9lan montre l&rsquo;espoir fou plac\u00e9 en ce J\u00e9sus qui pourrait l&rsquo;aider&#8230; Et l\u00e0, le Christ lui pose cette \u00e9trange question. Cela para\u00eet \u00e9vident non ? Pourtant Bartim\u00e9e n&rsquo;a pas sembl\u00e9 surpris ou \u00e9tonn\u00e9 de la question. Le Christ n&rsquo;a pas impos\u00e9, ni d\u00e9cid\u00e9 \u00e0 la place de Bartim\u00e9e ce dont il avait besoin. Il lui a donn\u00e9 la possibilit\u00e9 de demander avec humilit\u00e9, lui offrant ainsi une place centrale et pleine. J&rsquo;aime cette illustration : un parent voit dans le regard de \u2026 <a class=\"continue-reading-link\" href=\"https:\/\/levangilealecran.com\/?p=1565\"> Continue reading <span class=\"meta-nav\">&rarr; <\/span><\/a><\/p>\n","protected":false},"author":2006,"featured_media":0,"comment_status":"open","ping_status":"open","sticky":false,"template":"","format":"standard","meta":{"footnotes":""},"categories":[4,7],"tags":[],"class_list":["post-1565","post","type-post","status-publish","format-standard","hentry","category-dimanche","category-marc"],"_links":{"self":[{"href":"https:\/\/levangilealecran.com\/index.php?rest_route=\/wp\/v2\/posts\/1565","targetHints":{"allow":["GET"]}}],"collection":[{"href":"https:\/\/levangilealecran.com\/index.php?rest_route=\/wp\/v2\/posts"}],"about":[{"href":"https:\/\/levangilealecran.com\/index.php?rest_route=\/wp\/v2\/types\/post"}],"author":[{"embeddable":true,"href":"https:\/\/levangilealecran.com\/index.php?rest_route=\/wp\/v2\/users\/2006"}],"replies":[{"embeddable":true,"href":"https:\/\/levangilealecran.com\/index.php?rest_route=%2Fwp%2Fv2%2Fcomments&post=1565"}],"version-history":[{"count":2,"href":"https:\/\/levangilealecran.com\/index.php?rest_route=\/wp\/v2\/posts\/1565\/revisions"}],"predecessor-version":[{"id":1568,"href":"https:\/\/levangilealecran.com\/index.php?rest_route=\/wp\/v2\/posts\/1565\/revisions\/1568"}],"wp:attachment":[{"href":"https:\/\/levangilealecran.com\/index.php?rest_route=%2Fwp%2Fv2%2Fmedia&parent=1565"}],"wp:term":[{"taxonomy":"category","embeddable":true,"href":"https:\/\/levangilealecran.com\/index.php?rest_route=%2Fwp%2Fv2%2Fcategories&post=1565"},{"taxonomy":"post_tag","embeddable":true,"href":"https:\/\/levangilealecran.com\/index.php?rest_route=%2Fwp%2Fv2%2Ftags&post=1565"}],"curies":[{"name":"wp","href":"https:\/\/api.w.org\/{rel}","templated":true}]}}