{"id":1561,"date":"2018-10-19T21:35:11","date_gmt":"2018-10-19T19:35:11","guid":{"rendered":"http:\/\/levangilealecran.com?p=1561"},"modified":"2018-10-20T12:05:02","modified_gmt":"2018-10-20T10:05:02","slug":"29e-dimanche-du-temps-ordinaire-b","status":"publish","type":"post","link":"https:\/\/levangilealecran.com\/?p=1561","title":{"rendered":"29e dimanche du temps ordinaire \u2013 B"},"content":{"rendered":"<blockquote><p>\u00ab\u00a0Vous le savez :\u00a0ceux que l\u2019on regarde comme chefs des nations les commandent en ma\u00eetres ;\u00a0les grands leur font sentir leur pouvoir.\u00a0Parmi vous, il ne doit pas en \u00eatre ainsi.\u00a0Celui qui veut devenir grand parmi vous\u00a0<span class=\"text_exposed_show\">sera votre serviteur.\u00a0\u00bb (Marc 10.42-45)<\/span><\/p>\n<p>&nbsp;<\/p><\/blockquote>\n<div class=\"text_exposed_show\">\n<p><a title=\"\" href=\"http:\/\/levangilealecran.comwp-content\/uploads\/2018\/10\/ImageEvEcr2018_10_19.jpg\"><img loading=\"lazy\" decoding=\"async\" class=\"aligncenter size-medium wp-image-1562\" title=\"\" src=\"http:\/\/levangilealecran.comwp-content\/uploads\/2018\/10\/ImageEvEcr2018_10_19-300x200.jpg\" alt=\"\" width=\"300\" height=\"200\" srcset=\"https:\/\/levangilealecran.com\/wp-content\/uploads\/2018\/10\/ImageEvEcr2018_10_19-300x200.jpg 300w, https:\/\/levangilealecran.com\/wp-content\/uploads\/2018\/10\/ImageEvEcr2018_10_19-600x399.jpg 600w, https:\/\/levangilealecran.com\/wp-content\/uploads\/2018\/10\/ImageEvEcr2018_10_19-150x100.jpg 150w, https:\/\/levangilealecran.com\/wp-content\/uploads\/2018\/10\/ImageEvEcr2018_10_19-225x150.jpg 225w, https:\/\/levangilealecran.com\/wp-content\/uploads\/2018\/10\/ImageEvEcr2018_10_19.jpg 646w\" sizes=\"auto, (max-width: 300px) 100vw, 300px\" \/><\/a><\/p>\n<p><strong>&gt; Pour m\u00e9diter ce verset, je pense \u00e0 la vocation de Michel Simonet, balayeur dans les rues de Fribourg. Il dit l&rsquo;homme debout et au service de la voirie&#8230; et des habitants de sa ville pour qu&rsquo;elle soit propre ! Comme il est loin des deux disciples qui voulaient \u00eatre s\u00fbrs de&#8230;. si\u00e9ger \u00e0 c\u00f4t\u00e9 du Christ en gloire!<\/strong><\/p>\n<p><strong>Cette semaine, comment vais-je revisiter dans mon activit\u00e9 professionnelle ou avec mes proches ma vocation d&rsquo;\u00eatre au service. Et non pas au pouvoir?<\/strong><\/p>\n<\/div>\n","protected":false},"excerpt":{"rendered":"<p>\u00ab\u00a0Vous le savez :\u00a0ceux que l\u2019on regarde comme chefs des nations les commandent en ma\u00eetres ;\u00a0les grands leur font sentir leur pouvoir.\u00a0Parmi vous, il ne doit pas en \u00eatre ainsi.\u00a0Celui qui veut devenir grand parmi vous\u00a0sera votre serviteur.\u00a0\u00bb (Marc 10.42-45) &nbsp; &gt; Pour m\u00e9diter ce verset, je pense \u00e0 la vocation de Michel Simonet, balayeur dans les rues de Fribourg. Il dit l&rsquo;homme debout et au service de la voirie&#8230; et des habitants de sa ville pour qu&rsquo;elle soit propre ! Comme il est loin des deux disciples qui voulaient \u00eatre s\u00fbrs de&#8230;. si\u00e9ger \u00e0 c\u00f4t\u00e9 du Christ en gloire! Cette semaine, comment vais-je revisiter dans mon activit\u00e9 professionnelle ou \u2026 <a class=\"continue-reading-link\" href=\"https:\/\/levangilealecran.com\/?p=1561\"> Continue reading <span class=\"meta-nav\">&rarr; <\/span><\/a><\/p>\n","protected":false},"author":2006,"featured_media":0,"comment_status":"open","ping_status":"open","sticky":false,"template":"","format":"standard","meta":{"footnotes":""},"categories":[4,7],"tags":[655,122,279],"class_list":["post-1561","post","type-post","status-publish","format-standard","hentry","category-dimanche","category-marc","tag-metier","tag-service","tag-vocation"],"_links":{"self":[{"href":"https:\/\/levangilealecran.com\/index.php?rest_route=\/wp\/v2\/posts\/1561","targetHints":{"allow":["GET"]}}],"collection":[{"href":"https:\/\/levangilealecran.com\/index.php?rest_route=\/wp\/v2\/posts"}],"about":[{"href":"https:\/\/levangilealecran.com\/index.php?rest_route=\/wp\/v2\/types\/post"}],"author":[{"embeddable":true,"href":"https:\/\/levangilealecran.com\/index.php?rest_route=\/wp\/v2\/users\/2006"}],"replies":[{"embeddable":true,"href":"https:\/\/levangilealecran.com\/index.php?rest_route=%2Fwp%2Fv2%2Fcomments&post=1561"}],"version-history":[{"count":2,"href":"https:\/\/levangilealecran.com\/index.php?rest_route=\/wp\/v2\/posts\/1561\/revisions"}],"predecessor-version":[{"id":1564,"href":"https:\/\/levangilealecran.com\/index.php?rest_route=\/wp\/v2\/posts\/1561\/revisions\/1564"}],"wp:attachment":[{"href":"https:\/\/levangilealecran.com\/index.php?rest_route=%2Fwp%2Fv2%2Fmedia&parent=1561"}],"wp:term":[{"taxonomy":"category","embeddable":true,"href":"https:\/\/levangilealecran.com\/index.php?rest_route=%2Fwp%2Fv2%2Fcategories&post=1561"},{"taxonomy":"post_tag","embeddable":true,"href":"https:\/\/levangilealecran.com\/index.php?rest_route=%2Fwp%2Fv2%2Ftags&post=1561"}],"curies":[{"name":"wp","href":"https:\/\/api.w.org\/{rel}","templated":true}]}}