{"id":1550,"date":"2018-09-28T11:37:15","date_gmt":"2018-09-28T09:37:15","guid":{"rendered":"http:\/\/levangilealecran.com?p=1550"},"modified":"2018-09-28T11:37:15","modified_gmt":"2018-09-28T09:37:15","slug":"26e-dimanche-du-temps-ordinaire-b","status":"publish","type":"post","link":"https:\/\/levangilealecran.com\/?p=1550","title":{"rendered":"26e dimanche du temps ordinaire \u2013 B"},"content":{"rendered":"<blockquote><p>\u00ab Celui qui n\u2019est pas contre nous est pour nous \u00bb Marc 9,40<\/p><\/blockquote>\n<p><strong>&gt; Un peu avant ce verset, Jesus arr\u00eate les disciples qui veulent filtrer ceux qui sont l\u00e9gitimes pour expulser les d\u00e9mons et ceux qui ne le sont pas.<\/strong><\/p>\n<p><strong>Cette affirmation qu\u2019il fait dans ce verset r\u00e9sonne fortement aujourd\u2019hui&#8230; Nous chr\u00e9tiens, n\u2019avons-nous pas parfois la tentation de nous poser en victimes ou de penser que le monde est contre nous parce que nous nous sentons minoritaires ? Et cette minorit\u00e9, ne nous s<span class=\"text_exposed_show\">entons-nous pas une mission de la d\u00e9fendre ? Mais dans ces moments-l\u00e0 on se positionne un peu comme les disciples en nous rendant juges de ceux qui appartiennent \u00e0 la caste ou non.<\/span><\/strong><\/p>\n<p><strong><span class=\"text_exposed_show\">Si vraiment tous ceux qui ne sont pas contre nous sont avec nous, alors nous sommes bien plus nombreux que nos yeux peuvent le voir \u00e0 \u00ab donner un verre d\u2019eau au nom du Christ \u00bb comme le dit le verset suivant.<br \/>\nPour \u00eatre contre, il faut donc le vouloir, il faut le clamer haut et fort, ce n\u2019est peut-\u00eatre pas si facile finalement&#8230; <\/span><\/strong><\/p>\n<div class=\"text_exposed_show\">\n<p><strong>Cette semaine, nous proposons de rendre gr\u00e2ce pour tous ceux qui ne sont pas contre nous, contre notre foi. Nous pouvons avoir une pens\u00e9e particuli\u00e8re pour ceux qui sont martyris\u00e9s \u00e0 cause de leur foi, et nous pouvons surtout apprendre \u00e0 reconna\u00eetre les gestes de bienveillances et d\u2019adh\u00e9sion au Christ l\u00e0 o\u00f9 nous n&rsquo;avons pas l\u2019habitude de les attendre ou de les percevoir&#8230;<\/strong><\/p>\n<\/div>\n","protected":false},"excerpt":{"rendered":"<p>\u00ab Celui qui n\u2019est pas contre nous est pour nous \u00bb Marc 9,40 &gt; Un peu avant ce verset, Jesus arr\u00eate les disciples qui veulent filtrer ceux qui sont l\u00e9gitimes pour expulser les d\u00e9mons et ceux qui ne le sont pas. Cette affirmation qu\u2019il fait dans ce verset r\u00e9sonne fortement aujourd\u2019hui&#8230; Nous chr\u00e9tiens, n\u2019avons-nous pas parfois la tentation de nous poser en victimes ou de penser que le monde est contre nous parce que nous nous sentons minoritaires ? Et cette minorit\u00e9, ne nous sentons-nous pas une mission de la d\u00e9fendre ? Mais dans ces moments-l\u00e0 on se positionne un peu comme les disciples en nous rendant juges de ceux \u2026 <a class=\"continue-reading-link\" href=\"https:\/\/levangilealecran.com\/?p=1550\"> Continue reading <span class=\"meta-nav\">&rarr; <\/span><\/a><\/p>\n","protected":false},"author":2006,"featured_media":0,"comment_status":"open","ping_status":"open","sticky":false,"template":"","format":"standard","meta":{"footnotes":""},"categories":[4,7],"tags":[648,76,649],"class_list":["post-1550","post","type-post","status-publish","format-standard","hentry","category-dimanche","category-marc","tag-adhesion","tag-foi","tag-martyr"],"_links":{"self":[{"href":"https:\/\/levangilealecran.com\/index.php?rest_route=\/wp\/v2\/posts\/1550","targetHints":{"allow":["GET"]}}],"collection":[{"href":"https:\/\/levangilealecran.com\/index.php?rest_route=\/wp\/v2\/posts"}],"about":[{"href":"https:\/\/levangilealecran.com\/index.php?rest_route=\/wp\/v2\/types\/post"}],"author":[{"embeddable":true,"href":"https:\/\/levangilealecran.com\/index.php?rest_route=\/wp\/v2\/users\/2006"}],"replies":[{"embeddable":true,"href":"https:\/\/levangilealecran.com\/index.php?rest_route=%2Fwp%2Fv2%2Fcomments&post=1550"}],"version-history":[{"count":1,"href":"https:\/\/levangilealecran.com\/index.php?rest_route=\/wp\/v2\/posts\/1550\/revisions"}],"predecessor-version":[{"id":1551,"href":"https:\/\/levangilealecran.com\/index.php?rest_route=\/wp\/v2\/posts\/1550\/revisions\/1551"}],"wp:attachment":[{"href":"https:\/\/levangilealecran.com\/index.php?rest_route=%2Fwp%2Fv2%2Fmedia&parent=1550"}],"wp:term":[{"taxonomy":"category","embeddable":true,"href":"https:\/\/levangilealecran.com\/index.php?rest_route=%2Fwp%2Fv2%2Fcategories&post=1550"},{"taxonomy":"post_tag","embeddable":true,"href":"https:\/\/levangilealecran.com\/index.php?rest_route=%2Fwp%2Fv2%2Ftags&post=1550"}],"curies":[{"name":"wp","href":"https:\/\/api.w.org\/{rel}","templated":true}]}}