{"id":1537,"date":"2018-09-07T11:04:26","date_gmt":"2018-09-07T09:04:26","guid":{"rendered":"http:\/\/levangilealecran.com?p=1537"},"modified":"2018-09-07T11:05:43","modified_gmt":"2018-09-07T09:05:43","slug":"23e-dimanche-du-temps-ordinaire-b","status":"publish","type":"post","link":"https:\/\/levangilealecran.com\/?p=1537","title":{"rendered":"23e dimanche du temps ordinaire \u2013 B"},"content":{"rendered":"<blockquote><p>Aussit\u00f4t les oreilles de cet homme s\u2019ouvrirent, sa langue se d\u00e9lia et il se mit \u00e0 parler correctement. J\u00e9sus recommanda \u00e0 ceux qui \u00e9taient l\u00e0 de n\u2019en rien dire \u00e0 personne . (Marc 7,35-36)<\/p><\/blockquote>\n<p><a title=\"\" href=\"http:\/\/levangilealecran.comwp-content\/uploads\/2018\/09\/20180909_mc736.png\"><img loading=\"lazy\" decoding=\"async\" class=\"aligncenter size-medium wp-image-1538\" title=\"\" src=\"http:\/\/levangilealecran.comwp-content\/uploads\/2018\/09\/20180909_mc736-300x300.png\" alt=\"\" width=\"300\" height=\"300\" srcset=\"https:\/\/levangilealecran.com\/wp-content\/uploads\/2018\/09\/20180909_mc736-300x300.png 300w, https:\/\/levangilealecran.com\/wp-content\/uploads\/2018\/09\/20180909_mc736-150x150.png 150w, https:\/\/levangilealecran.com\/wp-content\/uploads\/2018\/09\/20180909_mc736-768x768.png 768w, https:\/\/levangilealecran.com\/wp-content\/uploads\/2018\/09\/20180909_mc736-1024x1024.png 1024w, https:\/\/levangilealecran.com\/wp-content\/uploads\/2018\/09\/20180909_mc736-600x600.png 600w, https:\/\/levangilealecran.com\/wp-content\/uploads\/2018\/09\/20180909_mc736.png 1200w\" sizes=\"auto, (max-width: 300px) 100vw, 300px\" \/><\/a><\/p>\n<p><strong>&gt; \u00c9tonnant miracle dans l\u2019\u00c9vangile de cette semaine. Bien, vous me direz tous les miracles sont \u00e9tonnants, d\u2019o\u00f9 leur appellation. Certes. Mais attardons-nous ici \u00e0 un \u00e9l\u00e9ment presque ironique : imaginez-vous la joie de cette homme gu\u00e9ri ! Il peut enfin entendre, et bonus, parler \u00e0 nouveau co<span class=\"text_exposed_show\">rrectement. Et l\u00e0\u2026 quelle est la premi\u00e8re chose que J\u00e9sus lui dit, ainsi qu\u2019\u00e0 tous ceux pr\u00e9sent ? \u00ab\u00a0N\u2019en parlez pas !\u00a0\u00bb. Bien que le texte nous pr\u00e9cise que cet ordre n\u2019a pas \u00e9t\u00e9 suivi, se pose tout de m\u00eame la question : quand et pour quoi parler de ce que Dieu fait dans nos vies ? <\/span><\/strong><\/p>\n<div class=\"text_exposed_show\">\n<p><strong>&gt; Cette semaine laissons-nous toucher par la main de J\u00e9sus, qui continue l\u2019\u0153uvre cr\u00e9atrice du P\u00e8re. Mais avant de crier sur les toits tout ce que Dieu est et fait, prenons pleinement conscience de l\u2019\u00e9tendue de ses bienfaits. Prenons le temps de le remercier et cherchons plus loin encore son regard. Ensuite seulement serons-nous \u00e0 m\u00eame d\u2019\u00eatre de vrai t\u00e9moin, habit\u00e9 en profondeur. Allez, \u00ab <em>Ephphatha<\/em> \u00bb, ouvrons-nos c\u0153urs ! Belle semaine !<\/strong><\/p>\n<\/div>\n","protected":false},"excerpt":{"rendered":"<p>Aussit\u00f4t les oreilles de cet homme s\u2019ouvrirent, sa langue se d\u00e9lia et il se mit \u00e0 parler correctement. J\u00e9sus recommanda \u00e0 ceux qui \u00e9taient l\u00e0 de n\u2019en rien dire \u00e0 personne . (Marc 7,35-36) &gt; \u00c9tonnant miracle dans l\u2019\u00c9vangile de cette semaine. Bien, vous me direz tous les miracles sont \u00e9tonnants, d\u2019o\u00f9 leur appellation. Certes. Mais attardons-nous ici \u00e0 un \u00e9l\u00e9ment presque ironique : imaginez-vous la joie de cette homme gu\u00e9ri ! Il peut enfin entendre, et bonus, parler \u00e0 nouveau correctement. Et l\u00e0\u2026 quelle est la premi\u00e8re chose que J\u00e9sus lui dit, ainsi qu\u2019\u00e0 tous ceux pr\u00e9sent ? \u00ab\u00a0N\u2019en parlez pas !\u00a0\u00bb. Bien que le texte nous pr\u00e9cise que \u2026 <a class=\"continue-reading-link\" href=\"https:\/\/levangilealecran.com\/?p=1537\"> Continue reading <span class=\"meta-nav\">&rarr; <\/span><\/a><\/p>\n","protected":false},"author":2006,"featured_media":0,"comment_status":"open","ping_status":"open","sticky":false,"template":"","format":"standard","meta":{"footnotes":""},"categories":[4,7],"tags":[60,153,373],"class_list":["post-1537","post","type-post","status-publish","format-standard","hentry","category-dimanche","category-marc","tag-ecoute","tag-guerison","tag-miracle"],"_links":{"self":[{"href":"https:\/\/levangilealecran.com\/index.php?rest_route=\/wp\/v2\/posts\/1537","targetHints":{"allow":["GET"]}}],"collection":[{"href":"https:\/\/levangilealecran.com\/index.php?rest_route=\/wp\/v2\/posts"}],"about":[{"href":"https:\/\/levangilealecran.com\/index.php?rest_route=\/wp\/v2\/types\/post"}],"author":[{"embeddable":true,"href":"https:\/\/levangilealecran.com\/index.php?rest_route=\/wp\/v2\/users\/2006"}],"replies":[{"embeddable":true,"href":"https:\/\/levangilealecran.com\/index.php?rest_route=%2Fwp%2Fv2%2Fcomments&post=1537"}],"version-history":[{"count":2,"href":"https:\/\/levangilealecran.com\/index.php?rest_route=\/wp\/v2\/posts\/1537\/revisions"}],"predecessor-version":[{"id":1540,"href":"https:\/\/levangilealecran.com\/index.php?rest_route=\/wp\/v2\/posts\/1537\/revisions\/1540"}],"wp:attachment":[{"href":"https:\/\/levangilealecran.com\/index.php?rest_route=%2Fwp%2Fv2%2Fmedia&parent=1537"}],"wp:term":[{"taxonomy":"category","embeddable":true,"href":"https:\/\/levangilealecran.com\/index.php?rest_route=%2Fwp%2Fv2%2Fcategories&post=1537"},{"taxonomy":"post_tag","embeddable":true,"href":"https:\/\/levangilealecran.com\/index.php?rest_route=%2Fwp%2Fv2%2Ftags&post=1537"}],"curies":[{"name":"wp","href":"https:\/\/api.w.org\/{rel}","templated":true}]}}